{"id":24138,"date":"2026-02-25T12:40:44","date_gmt":"2026-02-25T15:40:44","guid":{"rendered":"https:\/\/laserenaradio.cl\/web\/?p=24138"},"modified":"2026-02-25T12:40:44","modified_gmt":"2026-02-25T15:40:44","slug":"denuncia-contra-kast-por-presunto-mal-uso-de-la-banda-presidencial","status":"publish","type":"post","link":"https:\/\/laserenaradio.cl\/web\/2026\/02\/25\/denuncia-contra-kast-por-presunto-mal-uso-de-la-banda-presidencial\/","title":{"rendered":"Denuncia contra Kast por presunto mal uso de la Banda Presidencial"},"content":{"rendered":"<p>Este mi\u00e9rcoles se present\u00f3 una denuncia ante Contralor\u00eda contra Jos\u00e9 Antonio Kast, presidente electo, por supuesto mal uso de la banda presidencial. En la revelada imagen, Kast sostiene la banda que exhibe el escudo de Chile. Seg\u00fan Luis Mariano Rend\u00f3n, presidente de la Fundaci\u00f3n Memoria Hist\u00f3rica y abogado, esta acci\u00f3n viola lo estipulado en el art\u00edculo 2\u00b0 de la ley 2.597, vigente desde 1912. <\/p>\n<p>Esta disposici\u00f3n legal establece que &#8220;la Banda Presidencial se compondr\u00e1 de tres fajas horizontales de igual anchura, de las cuales ser\u00e1n: azul la del borde superior, blanca la del centro y roja la faja del borde inferior&#8221;, sin incluir ning\u00fan escudo.<\/p>\n<p>Rend\u00f3n exigi\u00f3 que Kast cumpla estrictamente con la ley desde el primer d\u00eda. El abogado argumenta que si la ley especifica estos detalles es por una raz\u00f3n, destacando que &#8220;el se\u00f1or Kast y el sector que representa han sido muy celosos en relaci\u00f3n al correcto uso de los s\u00edmbolos nacionales&#8221;. <\/p>\n<p>Finalmente, la denuncia busca impedir cualquier impresi\u00f3n, reproducci\u00f3n y enmarcado de la fotograf\u00eda para evitar el mal uso de recursos p\u00fablicos.<\/p>\n<p><small><i><strong>Aviso de transparencia:<\/strong> Este art\u00edculo ha sido elaborado con la asistencia de Inteligencia Artificial para optimizar el procesamiento de informaci\u00f3n. Sin embargo, todo el contenido ha sido revisado, editado y validado por el equipo period\u00edstico de <strong><a href=\"https:\/\/laserenaradio.cl\/web\/\">LaSerenaRadio.cl<\/a><\/strong>, garantizando nuestra l\u00ednea editorial y veracidad informativa.<\/i><\/small><\/p>\n","protected":false},"excerpt":{"rendered":"<p>Este mi\u00e9rcoles se present\u00f3 una denuncia ante Contralor\u00eda contra Jos\u00e9 Antonio Kast, presidente electo, por supuesto mal uso de la banda presidencial. En la revelada imagen, Kast sostiene la banda que exhibe el escudo de Chile. Seg\u00fan Luis Mariano Rend\u00f3n, presidente de la Fundaci\u00f3n Memoria Hist\u00f3rica y abogado, esta acci\u00f3n viola lo estipulado en el [&hellip;]<\/p>\n","protected":false},"author":2,"featured_media":24137,"comment_status":"closed","ping_status":"open","sticky":false,"template":"","format":"standard","meta":{"_jetpack_memberships_contains_paid_content":false,"jnews-multi-image_gallery":[],"jnews_single_post":[],"jnews_primary_category":[],"jnews_social_meta":[],"jnews_paywall_metabox":[],"jnews_review":[],"enable_review":"","type":"","name":"","summary":"","brand":"","sku":"","good":[],"bad":[],"score_override":"","override_value":"","rating":[],"price":[],"jnews_override_counter":[],"jnews_post_split":[],"footnotes":""},"categories":[21],"tags":[],"class_list":["post-24138","post","type-post","status-publish","format-standard","has-post-thumbnail","hentry","category-nacional"],"jetpack_featured_media_url":"https:\/\/laserenaradio.cl\/web\/wp-content\/uploads\/2026\/02\/mediapiaiextstaticimg_webpDenunciaKast_1.webp","jetpack_sharing_enabled":true,"_links":{"self":[{"href":"https:\/\/laserenaradio.cl\/web\/wp-json\/wp\/v2\/posts\/24138","targetHints":{"allow":["GET"]}}],"collection":[{"href":"https:\/\/laserenaradio.cl\/web\/wp-json\/wp\/v2\/posts"}],"about":[{"href":"https:\/\/laserenaradio.cl\/web\/wp-json\/wp\/v2\/types\/post"}],"author":[{"embeddable":true,"href":"https:\/\/laserenaradio.cl\/web\/wp-json\/wp\/v2\/users\/2"}],"replies":[{"embeddable":true,"href":"https:\/\/laserenaradio.cl\/web\/wp-json\/wp\/v2\/comments?post=24138"}],"version-history":[{"count":1,"href":"https:\/\/laserenaradio.cl\/web\/wp-json\/wp\/v2\/posts\/24138\/revisions"}],"predecessor-version":[{"id":24139,"href":"https:\/\/laserenaradio.cl\/web\/wp-json\/wp\/v2\/posts\/24138\/revisions\/24139"}],"wp:featuredmedia":[{"embeddable":true,"href":"https:\/\/laserenaradio.cl\/web\/wp-json\/wp\/v2\/media\/24137"}],"wp:attachment":[{"href":"https:\/\/laserenaradio.cl\/web\/wp-json\/wp\/v2\/media?parent=24138"}],"wp:term":[{"taxonomy":"category","embeddable":true,"href":"https:\/\/laserenaradio.cl\/web\/wp-json\/wp\/v2\/categories?post=24138"},{"taxonomy":"post_tag","embeddable":true,"href":"https:\/\/laserenaradio.cl\/web\/wp-json\/wp\/v2\/tags?post=24138"}],"curies":[{"name":"wp","href":"https:\/\/api.w.org\/{rel}","templated":true}]}}