{"id":24129,"date":"2026-02-25T11:38:25","date_gmt":"2026-02-25T14:38:25","guid":{"rendered":"https:\/\/laserenaradio.cl\/web\/?p=24129"},"modified":"2026-02-25T11:38:25","modified_gmt":"2026-02-25T14:38:25","slug":"explosion-de-gas-en-mercado-central-de-antofagasta-dejan-a-dos-mujeres-heridas","status":"publish","type":"post","link":"https:\/\/laserenaradio.cl\/web\/2026\/02\/25\/explosion-de-gas-en-mercado-central-de-antofagasta-dejan-a-dos-mujeres-heridas\/","title":{"rendered":"Explosi\u00f3n de gas en Mercado Central de Antofagasta dejan a dos mujeres heridas"},"content":{"rendered":"<p>La ma\u00f1ana de este mi\u00e9rcoles, una explosi\u00f3n de gas se registr\u00f3 en un local de preparaci\u00f3n de alimentos ubicado en el segundo piso del Mercado Central de Antofagasta. La alarma por el hecho se produjo a las 8:37 horas, concurriendo hasta el lugar unidades del Cuerpo de <a href=\"https:\/\/www.bomberos.cl\/\">Bomberos<\/a> de Antofagasta, SAMU y <a href=\"https:\/\/www.carabineros.cl\/\">Carabineros<\/a>.<\/p>\n<p>De acuerdo con informaci\u00f3n de los organismos de emergencia, el hecho correspondi\u00f3 a una explosi\u00f3n de gas por saturaci\u00f3n en la cocina del local, ubicado en la intersecci\u00f3n de Maip\u00fa con Ossa. Las dos mujeres lesionadas fueron atendidas en el lugar y posteriormente entregadas a personal del SAMU para su derivaci\u00f3n hasta el Hospital Regional de Antofagasta.<\/p>\n<p>Seg\u00fan <a href=\"https:\/\/www.carabineros.cl\/\">Carabineros<\/a>, una de las personas heridas es una mujer de 63 a\u00f1os, chilena y propietaria del local, quien presentaba quemaduras en diversas partes de su cuerpo. La otra, en tanto, es una mujer de 51 a\u00f1os, extranjera, quien presentaba quemaduras en sus extremidades superiores e inferiores.<\/p>\n<p>Ambas se encontrar\u00edan fuera de riesgo vital pese a las quemaduras y permanecen internadas en el citado recinto asistencial.<\/p>\n<p><small><i><strong>Aviso de transparencia:<\/strong> Este art\u00edculo ha sido elaborado con la asistencia de Inteligencia Artificial para optimizar el procesamiento de informaci\u00f3n. Sin embargo, todo el contenido ha sido revisado, editado y validado por el equipo period\u00edstico de <strong><a href=\"https:\/\/laserenaradio.cl\/web\/\">LaSerenaRadio.cl<\/a><\/strong>, garantizando nuestra l\u00ednea editorial y veracidad informativa.<\/i><\/small><\/p>\n","protected":false},"excerpt":{"rendered":"<p>La ma\u00f1ana de este mi\u00e9rcoles, una explosi\u00f3n de gas se registr\u00f3 en un local de preparaci\u00f3n de alimentos ubicado en el segundo piso del Mercado Central de Antofagasta. La alarma por el hecho se produjo a las 8:37 horas, concurriendo hasta el lugar unidades del Cuerpo de Bomberos de Antofagasta, SAMU y Carabineros. De acuerdo [&hellip;]<\/p>\n","protected":false},"author":2,"featured_media":24128,"comment_status":"closed","ping_status":"open","sticky":false,"template":"","format":"standard","meta":{"_jetpack_memberships_contains_paid_content":false,"jnews-multi-image_gallery":[],"jnews_single_post":[],"jnews_primary_category":[],"jnews_social_meta":[],"jnews_paywall_metabox":[],"jnews_review":[],"enable_review":"","type":"","name":"","summary":"","brand":"","sku":"","good":[],"bad":[],"score_override":"","override_value":"","rating":[],"price":[],"jnews_override_counter":[],"jnews_post_split":[],"footnotes":""},"categories":[21],"tags":[],"class_list":["post-24129","post","type-post","status-publish","format-standard","has-post-thumbnail","hentry","category-nacional"],"jetpack_featured_media_url":"https:\/\/laserenaradio.cl\/web\/wp-content\/uploads\/2026\/02\/mediapiaiextstaticimg_webpAntofagastagaslocalquemaduras_1.webp","jetpack_sharing_enabled":true,"_links":{"self":[{"href":"https:\/\/laserenaradio.cl\/web\/wp-json\/wp\/v2\/posts\/24129","targetHints":{"allow":["GET"]}}],"collection":[{"href":"https:\/\/laserenaradio.cl\/web\/wp-json\/wp\/v2\/posts"}],"about":[{"href":"https:\/\/laserenaradio.cl\/web\/wp-json\/wp\/v2\/types\/post"}],"author":[{"embeddable":true,"href":"https:\/\/laserenaradio.cl\/web\/wp-json\/wp\/v2\/users\/2"}],"replies":[{"embeddable":true,"href":"https:\/\/laserenaradio.cl\/web\/wp-json\/wp\/v2\/comments?post=24129"}],"version-history":[{"count":1,"href":"https:\/\/laserenaradio.cl\/web\/wp-json\/wp\/v2\/posts\/24129\/revisions"}],"predecessor-version":[{"id":24130,"href":"https:\/\/laserenaradio.cl\/web\/wp-json\/wp\/v2\/posts\/24129\/revisions\/24130"}],"wp:featuredmedia":[{"embeddable":true,"href":"https:\/\/laserenaradio.cl\/web\/wp-json\/wp\/v2\/media\/24128"}],"wp:attachment":[{"href":"https:\/\/laserenaradio.cl\/web\/wp-json\/wp\/v2\/media?parent=24129"}],"wp:term":[{"taxonomy":"category","embeddable":true,"href":"https:\/\/laserenaradio.cl\/web\/wp-json\/wp\/v2\/categories?post=24129"},{"taxonomy":"post_tag","embeddable":true,"href":"https:\/\/laserenaradio.cl\/web\/wp-json\/wp\/v2\/tags?post=24129"}],"curies":[{"name":"wp","href":"https:\/\/api.w.org\/{rel}","templated":true}]}}