{"id":24106,"date":"2026-02-24T18:50:05","date_gmt":"2026-02-24T21:50:05","guid":{"rendered":"https:\/\/laserenaradio.cl\/web\/?p=24106"},"modified":"2026-02-24T18:50:05","modified_gmt":"2026-02-24T21:50:05","slug":"emiten-una-alarma-por-precipitaciones-intensas-en-corto-periodo-de-tiempo-en-comuna-de-sierra-gorda","status":"publish","type":"post","link":"https:\/\/laserenaradio.cl\/web\/2026\/02\/24\/emiten-una-alarma-por-precipitaciones-intensas-en-corto-periodo-de-tiempo-en-comuna-de-sierra-gorda\/","title":{"rendered":"Emiten una Alarma por Precipitaciones Intensas en corto periodo de tiempo en Comuna de Sierra Gorda"},"content":{"rendered":"<p>Desde la Direcci\u00f3n Meteorol\u00f3gica de Chile (DMC), emitieron la Alarma AAA1\/2026 por Precipitaciones debido a la condici\u00f3n sin\u00f3ptica Inestabilidad atmosf\u00e9rica.<\/p>\n<p>La <a href=\"http:\/\/www.meteochile.gob.cl\/PortalDMC-web\/index.xhtml\" rel=\"nofollow\">Direcci\u00f3n Meteorol\u00f3gica de Chile<\/a>, indica que este fen\u00f3meno se encontrar\u00e1 vigente desde <strong>la tarde del martes 24 de febrero del 2026<\/strong> y hasta <strong>la noche del martes 24 de febrero del 2026<\/strong>.<\/p>\n<p>Las zonas afectadas por la condici\u00f3n ser\u00edan: Comuna de Sierra Gorda<\/p>\n<p>Debido a esta condici\u00f3n, se llama a tener precauci\u00f3n por la Alarma vigente por Precipitaciones Intensas en corto periodo de tiempo en Comuna de Sierra Gorda.<\/p>\n","protected":false},"excerpt":{"rendered":"<p>Desde la Direcci\u00f3n Meteorol\u00f3gica de Chile (DMC), emitieron la Alarma AAA1\/2026 por Precipitaciones debido a la condici\u00f3n sin\u00f3ptica Inestabilidad atmosf\u00e9rica. La Direcci\u00f3n Meteorol\u00f3gica de Chile, indica que este fen\u00f3meno se encontrar\u00e1 vigente desde la tarde del martes 24 de febrero del 2026 y hasta la noche del martes 24 de febrero del 2026. Las zonas [&hellip;]<\/p>\n","protected":false},"author":2,"featured_media":24105,"comment_status":"closed","ping_status":"open","sticky":false,"template":"","format":"standard","meta":{"_jetpack_memberships_contains_paid_content":false,"jnews-multi-image_gallery":[],"jnews_single_post":[],"jnews_primary_category":[],"jnews_social_meta":[],"jnews_paywall_metabox":[],"jnews_review":[],"enable_review":"","type":"","name":"","summary":"","brand":"","sku":"","good":[],"bad":[],"score_override":"","override_value":"","rating":[],"price":[],"jnews_override_counter":[],"jnews_post_split":[],"footnotes":""},"categories":[21],"tags":[],"class_list":["post-24106","post","type-post","status-publish","format-standard","has-post-thumbnail","hentry","category-nacional"],"jetpack_featured_media_url":"https:\/\/laserenaradio.cl\/web\/wp-content\/uploads\/2026\/02\/mediapiaiextstaticimg_webpEmitenAlarma_1.webp","jetpack_sharing_enabled":true,"_links":{"self":[{"href":"https:\/\/laserenaradio.cl\/web\/wp-json\/wp\/v2\/posts\/24106","targetHints":{"allow":["GET"]}}],"collection":[{"href":"https:\/\/laserenaradio.cl\/web\/wp-json\/wp\/v2\/posts"}],"about":[{"href":"https:\/\/laserenaradio.cl\/web\/wp-json\/wp\/v2\/types\/post"}],"author":[{"embeddable":true,"href":"https:\/\/laserenaradio.cl\/web\/wp-json\/wp\/v2\/users\/2"}],"replies":[{"embeddable":true,"href":"https:\/\/laserenaradio.cl\/web\/wp-json\/wp\/v2\/comments?post=24106"}],"version-history":[{"count":1,"href":"https:\/\/laserenaradio.cl\/web\/wp-json\/wp\/v2\/posts\/24106\/revisions"}],"predecessor-version":[{"id":24107,"href":"https:\/\/laserenaradio.cl\/web\/wp-json\/wp\/v2\/posts\/24106\/revisions\/24107"}],"wp:featuredmedia":[{"embeddable":true,"href":"https:\/\/laserenaradio.cl\/web\/wp-json\/wp\/v2\/media\/24105"}],"wp:attachment":[{"href":"https:\/\/laserenaradio.cl\/web\/wp-json\/wp\/v2\/media?parent=24106"}],"wp:term":[{"taxonomy":"category","embeddable":true,"href":"https:\/\/laserenaradio.cl\/web\/wp-json\/wp\/v2\/categories?post=24106"},{"taxonomy":"post_tag","embeddable":true,"href":"https:\/\/laserenaradio.cl\/web\/wp-json\/wp\/v2\/tags?post=24106"}],"curies":[{"name":"wp","href":"https:\/\/api.w.org\/{rel}","templated":true}]}}