{"id":24076,"date":"2026-02-22T23:29:04","date_gmt":"2026-02-23T02:29:04","guid":{"rendered":"https:\/\/laserenaradio.cl\/web\/?p=24076"},"modified":"2026-02-22T23:29:04","modified_gmt":"2026-02-23T02:29:04","slug":"secuestros-extorsivos-preocupacion-por-su-alza-sostenida-en-chile","status":"publish","type":"post","link":"https:\/\/laserenaradio.cl\/web\/2026\/02\/22\/secuestros-extorsivos-preocupacion-por-su-alza-sostenida-en-chile\/","title":{"rendered":"Secuestros extorsivos: preocupaci\u00f3n por su alza sostenida en Chile"},"content":{"rendered":"<p>Preocupaci\u00f3n causaron los \u00faltimos casos de secuestros extorsivos en la regi\u00f3n Metropolitana que se dieron a conocer durante esta semana. Los casos se dan en medio de un alza sostenida que mantiene en alerta a las autoridades.<\/p>\n<p>Fueron dos las situaciones que se dieron a conocer por parte de la Brigada de Investigaciones Especiales de la <a href=\"https:\/\/www.pdichile.cl\/\">PDI<\/a>. El primero, un secuestro que sufri\u00f3 un hombre dominicano la noche del martes, esto en la comuna de Independencia. En este caso, los captores ped\u00edan un monto de $30 millones de pesos en efectivo. Sin embargo, la v\u00edctima fue liberada a las pocas horas gracias a las negociaciones de la BIPE Antisecuestros.<\/p>\n<p>El segundo caso se desarroll\u00f3 en la comuna de Santiago, donde una mujer ecuatoriana y comerciante del barrio Meiggs fue abordada por un grupo de sujetos, quienes la raptaron y pidieron 100 millones de pesos por su liberaci\u00f3n. En este caso, a\u00fan no se tienen antecedentes sobre su paradero.<\/p>\n<p>Lo que preocupa entre las autoridades es que este tipo de delitos han tenido un alza sostenida desde el a\u00f1o 2022 seg\u00fan la <a href=\"https:\/\/www.fiscaliadechile.cl\/\">Fiscal\u00eda<\/a> Nacional. Para 2024, se registran sobre los 800 casos anuales. Un dato no menor es que, en gran parte de los casos, est\u00e1n vinculados al crimen organizado.<\/p>\n<p>A este respecto, el diputado de la UDI, Felipe Donoso, sostuvo que el problema hoy est\u00e1 en el resguardo de las fronteras, asegurando que la falta de control da pie a este tipo de delitos. En tanto, la diputada del Frente Amplio, Lorena Fries, explic\u00f3 que desde el \u00e1mbito legislativo, ya se han dado las herramientas al Ministerio P\u00fablico para hacer frente a este modus operandi.<\/p>\n<p>El diputado de la UDI, Henry Leal, agreg\u00f3 que hoy lo que falta es una estrategia que permita combatir de mejor manera al crimen organizado. Lo cierto es que con una tendencia que viene al alza, el trabajo del pr\u00f3ximo Ministerio de Seguridad ser\u00e1 crucial para intentar dar vuelta la balanza.<\/p>\n<p><small><i><strong>Aviso de transparencia:<\/strong> Este art\u00edculo ha sido elaborado con la asistencia de Inteligencia Artificial para optimizar el procesamiento de informaci\u00f3n. Sin embargo, todo el contenido ha sido revisado, editado y validado por el equipo period\u00edstico de <strong><a href=\"https:\/\/laserenaradio.cl\/web\/\">LaSerenaRadio.cl<\/a><\/strong>, garantizando nuestra l\u00ednea editorial y veracidad informativa.<\/i><\/small><\/p>\n","protected":false},"excerpt":{"rendered":"<p>Preocupaci\u00f3n causaron los \u00faltimos casos de secuestros extorsivos en la regi\u00f3n Metropolitana que se dieron a conocer durante esta semana. Los casos se dan en medio de un alza sostenida que mantiene en alerta a las autoridades. Fueron dos las situaciones que se dieron a conocer por parte de la Brigada de Investigaciones Especiales de [&hellip;]<\/p>\n","protected":false},"author":2,"featured_media":24075,"comment_status":"closed","ping_status":"open","sticky":false,"template":"","format":"standard","meta":{"_jetpack_memberships_contains_paid_content":false,"jnews-multi-image_gallery":[],"jnews_single_post":[],"jnews_primary_category":[],"jnews_social_meta":[],"jnews_paywall_metabox":[],"jnews_review":[],"enable_review":"","type":"","name":"","summary":"","brand":"","sku":"","good":[],"bad":[],"score_override":"","override_value":"","rating":[],"price":[],"jnews_override_counter":[],"jnews_post_split":[],"footnotes":""},"categories":[21],"tags":[],"class_list":["post-24076","post","type-post","status-publish","format-standard","has-post-thumbnail","hentry","category-nacional"],"jetpack_featured_media_url":"https:\/\/laserenaradio.cl\/web\/wp-content\/uploads\/2026\/02\/mediapiaiextstaticimg_webpSecuestrosChile_1.webp","jetpack_sharing_enabled":true,"_links":{"self":[{"href":"https:\/\/laserenaradio.cl\/web\/wp-json\/wp\/v2\/posts\/24076","targetHints":{"allow":["GET"]}}],"collection":[{"href":"https:\/\/laserenaradio.cl\/web\/wp-json\/wp\/v2\/posts"}],"about":[{"href":"https:\/\/laserenaradio.cl\/web\/wp-json\/wp\/v2\/types\/post"}],"author":[{"embeddable":true,"href":"https:\/\/laserenaradio.cl\/web\/wp-json\/wp\/v2\/users\/2"}],"replies":[{"embeddable":true,"href":"https:\/\/laserenaradio.cl\/web\/wp-json\/wp\/v2\/comments?post=24076"}],"version-history":[{"count":1,"href":"https:\/\/laserenaradio.cl\/web\/wp-json\/wp\/v2\/posts\/24076\/revisions"}],"predecessor-version":[{"id":24077,"href":"https:\/\/laserenaradio.cl\/web\/wp-json\/wp\/v2\/posts\/24076\/revisions\/24077"}],"wp:featuredmedia":[{"embeddable":true,"href":"https:\/\/laserenaradio.cl\/web\/wp-json\/wp\/v2\/media\/24075"}],"wp:attachment":[{"href":"https:\/\/laserenaradio.cl\/web\/wp-json\/wp\/v2\/media?parent=24076"}],"wp:term":[{"taxonomy":"category","embeddable":true,"href":"https:\/\/laserenaradio.cl\/web\/wp-json\/wp\/v2\/categories?post=24076"},{"taxonomy":"post_tag","embeddable":true,"href":"https:\/\/laserenaradio.cl\/web\/wp-json\/wp\/v2\/tags?post=24076"}],"curies":[{"name":"wp","href":"https:\/\/api.w.org\/{rel}","templated":true}]}}