{"id":24067,"date":"2026-02-22T19:29:49","date_gmt":"2026-02-22T22:29:49","guid":{"rendered":"https:\/\/laserenaradio.cl\/web\/?p=24067"},"modified":"2026-02-22T19:29:49","modified_gmt":"2026-02-22T22:29:49","slug":"asesinato-en-vallenar-adolescente-detenido-tras-apunalar-a-hombre-de-43-anos","status":"publish","type":"post","link":"https:\/\/laserenaradio.cl\/web\/2026\/02\/22\/asesinato-en-vallenar-adolescente-detenido-tras-apunalar-a-hombre-de-43-anos\/","title":{"rendered":"Asesinato en Vallenar: adolescente detenido tras apu\u00f1alar a hombre de 43 a\u00f1os."},"content":{"rendered":"<p>Un brutal homicidio se registr\u00f3 la tarde de este s\u00e1bado en la comuna de Vallenar, en la regi\u00f3n de Atacama. Un hombre de 43 a\u00f1os fue apu\u00f1alado al interior de su domicilio en el sector Villa Vista Alegre.<\/p>\n<p>De acuerdo con la <a href=\"https:\/\/www.fiscaliadechile.cl\/\">Fiscal\u00eda<\/a>, fue alrededor de las 13:00 horas cuando la v\u00edctima fue atacada con un arma blanca por un adolescente que lleg\u00f3 hasta dicha vivienda. Producto del ataque, el hombre fue trasladado de urgencias al Hospital Provincial del Huasco, donde falleci\u00f3 horas m\u00e1s tarde por la gravedad de sus lesiones.<\/p>\n<p>El fiscal de Vallenar, Nicol\u00e1s Mel\u00e9ndez, confirm\u00f3 que la agresi\u00f3n fue inicialmente denunciada ante <a href=\"https:\/\/www.carabineros.cl\/\">Carabineros<\/a> y posteriormente se instruyeron diligencias a la Brigada de Homicidios de la <a href=\"https:\/\/www.pdichile.cl\/\">PDI<\/a>, con el fin de investigar la din\u00e1mica del ataque.<\/p>\n<p>Tras las primeras diligencias, se concret\u00f3 la detenci\u00f3n de un menor de edad, sindicado como el presunto autor del ataque. El adolescente fue detenido y el Tribunal decidi\u00f3 ampliar la detenci\u00f3n por tres d\u00edas para recabar mayores antecedentes, previo a la formalizaci\u00f3n.<\/p>\n<p><small><strong>Aviso de transparencia:<\/strong> Este art\u00edculo ha sido elaborado con la asistencia de Inteligencia Artificial para optimizar el procesamiento de informaci\u00f3n. Sin embargo, todo el contenido ha sido revisado, editado y validado por el equipo period\u00edstico de <strong><a href=\"https:\/\/laserenaradio.cl\/web\/\">LaSerenaRadio.cl<\/a><\/strong>, garantizando nuestra l\u00ednea editorial y veracidad informativa.<\/small><\/p>\n","protected":false},"excerpt":{"rendered":"<p>Un brutal homicidio se registr\u00f3 la tarde de este s\u00e1bado en la comuna de Vallenar, en la regi\u00f3n de Atacama. Un hombre de 43 a\u00f1os fue apu\u00f1alado al interior de su domicilio en el sector Villa Vista Alegre. De acuerdo con la Fiscal\u00eda, fue alrededor de las 13:00 horas cuando la v\u00edctima fue atacada con [&hellip;]<\/p>\n","protected":false},"author":2,"featured_media":24066,"comment_status":"closed","ping_status":"open","sticky":false,"template":"","format":"standard","meta":{"_jetpack_memberships_contains_paid_content":false,"jnews-multi-image_gallery":[],"jnews_single_post":[],"jnews_primary_category":[],"jnews_social_meta":[],"jnews_paywall_metabox":[],"jnews_review":[],"enable_review":"","type":"","name":"","summary":"","brand":"","sku":"","good":[],"bad":[],"score_override":"","override_value":"","rating":[],"price":[],"jnews_override_counter":[],"jnews_post_split":[],"footnotes":""},"categories":[21],"tags":[],"class_list":["post-24067","post","type-post","status-publish","format-standard","has-post-thumbnail","hentry","category-nacional"],"jetpack_featured_media_url":"https:\/\/laserenaradio.cl\/web\/wp-content\/uploads\/2026\/02\/mediapiaiextstaticimg_webpVallenarhombreadolescenteataque_1.webp","jetpack_sharing_enabled":true,"_links":{"self":[{"href":"https:\/\/laserenaradio.cl\/web\/wp-json\/wp\/v2\/posts\/24067","targetHints":{"allow":["GET"]}}],"collection":[{"href":"https:\/\/laserenaradio.cl\/web\/wp-json\/wp\/v2\/posts"}],"about":[{"href":"https:\/\/laserenaradio.cl\/web\/wp-json\/wp\/v2\/types\/post"}],"author":[{"embeddable":true,"href":"https:\/\/laserenaradio.cl\/web\/wp-json\/wp\/v2\/users\/2"}],"replies":[{"embeddable":true,"href":"https:\/\/laserenaradio.cl\/web\/wp-json\/wp\/v2\/comments?post=24067"}],"version-history":[{"count":1,"href":"https:\/\/laserenaradio.cl\/web\/wp-json\/wp\/v2\/posts\/24067\/revisions"}],"predecessor-version":[{"id":24068,"href":"https:\/\/laserenaradio.cl\/web\/wp-json\/wp\/v2\/posts\/24067\/revisions\/24068"}],"wp:featuredmedia":[{"embeddable":true,"href":"https:\/\/laserenaradio.cl\/web\/wp-json\/wp\/v2\/media\/24066"}],"wp:attachment":[{"href":"https:\/\/laserenaradio.cl\/web\/wp-json\/wp\/v2\/media?parent=24067"}],"wp:term":[{"taxonomy":"category","embeddable":true,"href":"https:\/\/laserenaradio.cl\/web\/wp-json\/wp\/v2\/categories?post=24067"},{"taxonomy":"post_tag","embeddable":true,"href":"https:\/\/laserenaradio.cl\/web\/wp-json\/wp\/v2\/tags?post=24067"}],"curies":[{"name":"wp","href":"https:\/\/api.w.org\/{rel}","templated":true}]}}