{"id":24064,"date":"2026-02-22T19:19:45","date_gmt":"2026-02-22T22:19:45","guid":{"rendered":"https:\/\/laserenaradio.cl\/web\/?p=24064"},"modified":"2026-02-22T19:19:45","modified_gmt":"2026-02-22T22:19:45","slug":"andes-iron-reitera-compromiso-con-proyecto-dominga-tras-resolucion-judicial","status":"publish","type":"post","link":"https:\/\/laserenaradio.cl\/web\/2026\/02\/22\/andes-iron-reitera-compromiso-con-proyecto-dominga-tras-resolucion-judicial\/","title":{"rendered":"Andes Iron reitera compromiso con proyecto Dominga tras resoluci\u00f3n judicial"},"content":{"rendered":"<p>La empresa Andes Iron asegur\u00f3 que continuar\u00e1 impulsando el proyecto Dominga, a pesar de la reciente resoluci\u00f3n de la Corte de Apelaciones de Antofagasta que rechaz\u00f3 el proyecto minero. A trav\u00e9s de un comunicado, afirmaron que el fallo &#8220;nos sorprende y desilusiona&#8221;, considerando que el proyecto lleva 12 a\u00f1os en tramitaci\u00f3n. No obstante, recalcan que &#8220;en ning\u00fan caso esta decisi\u00f3n nos desanima ni altera nuestra convicci\u00f3n de seguir adelante&#8221;.<\/p>\n<p>Desde la firma dijeron que la resoluci\u00f3n del tribunal es &#8220;estrictamente procedimental&#8221; y que no se pronuncia sobre la validez t\u00e9cnica ni ambiental del proyecto. En esa l\u00ednea, aseguraron que los antecedentes presentados y las discusiones de fondo \u201csiguen plenamente vigentes\u201d. Asimismo, Andes Iron indic\u00f3 que el proyecto ha superado revisiones de organismos especializados y que &#8220;la justicia ambiental y todos los procesos ambientales han se\u00f1alado que Dominga cumple con la normativa&#8221;. Tambi\u00e9n recordaron que la sentencia del Primer Tribunal Ambiental de Antofagasta de diciembre de 2024 declar\u00f3 nula la decisi\u00f3n previa del Comit\u00e9 de Ministros.<\/p>\n<p>Respecto de los argumentos incorporados en enero de 2025 para rechazar la iniciativa (relativos a una supuesta amenaza a la algarrobilla y a la inexistencia de un plan de contingencias), la empresa manifest\u00f3 que conf\u00eda en que &#8220;ser\u00e1n, una vez m\u00e1s, totalmente desestimados en las instancias que correspondan&#8221;.<\/p>\n<p>Finalmente, la compa\u00f1\u00eda anunci\u00f3 que analizar\u00e1 \u201ccon detenci\u00f3n todas las alternativas jur\u00eddicas que la institucionalidad contempla\u201d, reiterando su compromiso con el desarrollo sostenible, el empleo local y el cumplimiento estricto de la normativa vigente en la regi\u00f3n de Coquimbo.<\/p>\n<p><strong>Aviso de transparencia:<\/strong> Este art\u00edculo ha sido elaborado con la asistencia de Inteligencia Artificial para optimizar el procesamiento de informaci\u00f3n. Sin embargo, todo el contenido ha sido revisado, editado y validado por el equipo period\u00edstico de <strong><a href=\"https:\/\/laserenaradio.cl\/web\/\">LaSerenaRadio.cl<\/a><\/strong>, garantizando nuestra l\u00ednea editorial y veracidad informativa.<\/p>\n","protected":false},"excerpt":{"rendered":"<p>La empresa Andes Iron asegur\u00f3 que continuar\u00e1 impulsando el proyecto Dominga, a pesar de la reciente resoluci\u00f3n de la Corte de Apelaciones de Antofagasta que rechaz\u00f3 el proyecto minero. A trav\u00e9s de un comunicado, afirmaron que el fallo &#8220;nos sorprende y desilusiona&#8221;, considerando que el proyecto lleva 12 a\u00f1os en tramitaci\u00f3n. No obstante, recalcan que [&hellip;]<\/p>\n","protected":false},"author":2,"featured_media":24063,"comment_status":"closed","ping_status":"open","sticky":false,"template":"","format":"standard","meta":{"_jetpack_memberships_contains_paid_content":false,"jnews-multi-image_gallery":[],"jnews_single_post":[],"jnews_primary_category":[],"jnews_social_meta":[],"jnews_paywall_metabox":[],"jnews_review":[],"enable_review":"","type":"","name":"","summary":"","brand":"","sku":"","good":[],"bad":[],"score_override":"","override_value":"","rating":[],"price":[],"jnews_override_counter":[],"jnews_post_split":[],"footnotes":""},"categories":[21],"tags":[],"class_list":["post-24064","post","type-post","status-publish","format-standard","has-post-thumbnail","hentry","category-nacional"],"jetpack_featured_media_url":"https:\/\/laserenaradio.cl\/web\/wp-content\/uploads\/2026\/02\/mediapiaiextstaticimg_webpAndesIron_0.webp","jetpack_sharing_enabled":true,"_links":{"self":[{"href":"https:\/\/laserenaradio.cl\/web\/wp-json\/wp\/v2\/posts\/24064","targetHints":{"allow":["GET"]}}],"collection":[{"href":"https:\/\/laserenaradio.cl\/web\/wp-json\/wp\/v2\/posts"}],"about":[{"href":"https:\/\/laserenaradio.cl\/web\/wp-json\/wp\/v2\/types\/post"}],"author":[{"embeddable":true,"href":"https:\/\/laserenaradio.cl\/web\/wp-json\/wp\/v2\/users\/2"}],"replies":[{"embeddable":true,"href":"https:\/\/laserenaradio.cl\/web\/wp-json\/wp\/v2\/comments?post=24064"}],"version-history":[{"count":1,"href":"https:\/\/laserenaradio.cl\/web\/wp-json\/wp\/v2\/posts\/24064\/revisions"}],"predecessor-version":[{"id":24065,"href":"https:\/\/laserenaradio.cl\/web\/wp-json\/wp\/v2\/posts\/24064\/revisions\/24065"}],"wp:featuredmedia":[{"embeddable":true,"href":"https:\/\/laserenaradio.cl\/web\/wp-json\/wp\/v2\/media\/24063"}],"wp:attachment":[{"href":"https:\/\/laserenaradio.cl\/web\/wp-json\/wp\/v2\/media?parent=24064"}],"wp:term":[{"taxonomy":"category","embeddable":true,"href":"https:\/\/laserenaradio.cl\/web\/wp-json\/wp\/v2\/categories?post=24064"},{"taxonomy":"post_tag","embeddable":true,"href":"https:\/\/laserenaradio.cl\/web\/wp-json\/wp\/v2\/tags?post=24064"}],"curies":[{"name":"wp","href":"https:\/\/api.w.org\/{rel}","templated":true}]}}