{"id":24049,"date":"2026-02-22T13:19:25","date_gmt":"2026-02-22T16:19:25","guid":{"rendered":"https:\/\/laserenaradio.cl\/web\/?p=24049"},"modified":"2026-02-22T13:19:25","modified_gmt":"2026-02-22T16:19:25","slug":"nueve-muertes-confirmadas-tras-explosion-en-renca","status":"publish","type":"post","link":"https:\/\/laserenaradio.cl\/web\/2026\/02\/22\/nueve-muertes-confirmadas-tras-explosion-en-renca\/","title":{"rendered":"Nueve muertes confirmadas tras explosi\u00f3n en Renca"},"content":{"rendered":"<p>La Subsecretar\u00eda de Redes Asistenciales actualiz\u00f3 el estado de salud de las v\u00edctimas de la explosi\u00f3n ocurrida el pasado jueves en Renca.<\/p>\n<p>Con fecha domingo 22 de febrero, a las 12:00 horas, se confirmaron tres nuevas muertes debido a las graves quemaduras sufridas. La cifra total de fallecidos ascendi\u00f3 a nueve personas.<\/p>\n<p>Se trata espec\u00edficamente de un paciente masculino en la cl\u00ednica Indisa, otro masculino en el Hospital F\u00e9lix Bulnes y una mujer en la Mutual de Seguridad.<\/p>\n<p>En cuanto a las 12 personas hospitalizadas, 8 permanec\u00edan estables, aunque en riesgo vital. Otros cuatro pacientes se encontraban en cuidados intermedios.<\/p>\n<p>El organismo emiti\u00f3 sus condolencias a las familias afectadas y a las comunidades.<\/p>\n","protected":false},"excerpt":{"rendered":"<p>La Subsecretar\u00eda de Redes Asistenciales actualiz\u00f3 el estado de salud de las v\u00edctimas de la explosi\u00f3n ocurrida el pasado jueves en Renca. Con fecha domingo 22 de febrero, a las 12:00 horas, se confirmaron tres nuevas muertes debido a las graves quemaduras sufridas. La cifra total de fallecidos ascendi\u00f3 a nueve personas. Se trata espec\u00edficamente [&hellip;]<\/p>\n","protected":false},"author":2,"featured_media":24048,"comment_status":"closed","ping_status":"open","sticky":false,"template":"","format":"standard","meta":{"_jetpack_memberships_contains_paid_content":false,"jnews-multi-image_gallery":[],"jnews_single_post":[],"jnews_primary_category":[],"jnews_social_meta":[],"jnews_paywall_metabox":[],"jnews_review":[],"enable_review":"","type":"","name":"","summary":"","brand":"","sku":"","good":[],"bad":[],"score_override":"","override_value":"","rating":[],"price":[],"jnews_override_counter":[],"jnews_post_split":[],"footnotes":""},"categories":[21],"tags":[],"class_list":["post-24049","post","type-post","status-publish","format-standard","has-post-thumbnail","hentry","category-nacional"],"jetpack_featured_media_url":"https:\/\/laserenaradio.cl\/web\/wp-content\/uploads\/2026\/02\/mediapiaiextstaticimg_webpMuertesRenca_0.webp","jetpack_sharing_enabled":true,"_links":{"self":[{"href":"https:\/\/laserenaradio.cl\/web\/wp-json\/wp\/v2\/posts\/24049","targetHints":{"allow":["GET"]}}],"collection":[{"href":"https:\/\/laserenaradio.cl\/web\/wp-json\/wp\/v2\/posts"}],"about":[{"href":"https:\/\/laserenaradio.cl\/web\/wp-json\/wp\/v2\/types\/post"}],"author":[{"embeddable":true,"href":"https:\/\/laserenaradio.cl\/web\/wp-json\/wp\/v2\/users\/2"}],"replies":[{"embeddable":true,"href":"https:\/\/laserenaradio.cl\/web\/wp-json\/wp\/v2\/comments?post=24049"}],"version-history":[{"count":1,"href":"https:\/\/laserenaradio.cl\/web\/wp-json\/wp\/v2\/posts\/24049\/revisions"}],"predecessor-version":[{"id":24050,"href":"https:\/\/laserenaradio.cl\/web\/wp-json\/wp\/v2\/posts\/24049\/revisions\/24050"}],"wp:featuredmedia":[{"embeddable":true,"href":"https:\/\/laserenaradio.cl\/web\/wp-json\/wp\/v2\/media\/24048"}],"wp:attachment":[{"href":"https:\/\/laserenaradio.cl\/web\/wp-json\/wp\/v2\/media?parent=24049"}],"wp:term":[{"taxonomy":"category","embeddable":true,"href":"https:\/\/laserenaradio.cl\/web\/wp-json\/wp\/v2\/categories?post=24049"},{"taxonomy":"post_tag","embeddable":true,"href":"https:\/\/laserenaradio.cl\/web\/wp-json\/wp\/v2\/tags?post=24049"}],"curies":[{"name":"wp","href":"https:\/\/api.w.org\/{rel}","templated":true}]}}