{"id":24043,"date":"2026-02-22T13:11:22","date_gmt":"2026-02-22T16:11:22","guid":{"rendered":"https:\/\/laserenaradio.cl\/web\/?p=24043"},"modified":"2026-02-22T13:11:22","modified_gmt":"2026-02-22T16:11:22","slug":"corte-de-suministro-electrico-afecta-a-5439-clientes-en-pichilemu","status":"publish","type":"post","link":"https:\/\/laserenaradio.cl\/web\/2026\/02\/22\/corte-de-suministro-electrico-afecta-a-5439-clientes-en-pichilemu\/","title":{"rendered":"Corte de suministro el\u00e9ctrico afecta a 5439 clientes en Pichilemu"},"content":{"rendered":"<p>Se ha reportado un corte de energ\u00eda de emergencia en la comuna de Pichilemu.<\/p>\n<p>Seg\u00fan la informaci\u00f3n proporcionada por CGE, el incidente afecta actualmente a 5439 clientes.<\/p>\n<p>La zona afectada comprende los sectores de: Ruta I-502, Punta de Lobos, Pichilemu, Provincia de Cardenal Caro, Regi\u00f3n del Libertador General Bernardo O&#8217;Higgins, Chile<\/p>\n<p>Detalle t\u00e9cnico: Clientes afectados: 5439<br \/>Restauraci&#243;n estimada: En evaluaci&#243;n<\/p>\n<p>Recomendaciones<\/p>\n<p>Mantenga sus dispositivos cargados y evite abrir refrigeradores innecesariamente para conservar el fr\u00edo.<\/p>\n","protected":false},"excerpt":{"rendered":"<p>Se ha reportado un corte de energ\u00eda de emergencia en la comuna de Pichilemu. Seg\u00fan la informaci\u00f3n proporcionada por CGE, el incidente afecta actualmente a 5439 clientes. La zona afectada comprende los sectores de: Ruta I-502, Punta de Lobos, Pichilemu, Provincia de Cardenal Caro, Regi\u00f3n del Libertador General Bernardo O&#8217;Higgins, Chile Detalle t\u00e9cnico: Clientes afectados: [&hellip;]<\/p>\n","protected":false},"author":2,"featured_media":9076,"comment_status":"closed","ping_status":"open","sticky":false,"template":"","format":"standard","meta":{"_jetpack_memberships_contains_paid_content":false,"jnews-multi-image_gallery":[],"jnews_single_post":[],"jnews_primary_category":[],"jnews_social_meta":[],"jnews_paywall_metabox":[],"jnews_review":[],"enable_review":"","type":"","name":"","summary":"","brand":"","sku":"","good":[],"bad":[],"score_override":"","override_value":"","rating":[],"price":[],"jnews_override_counter":[],"jnews_post_split":[],"footnotes":""},"categories":[21],"tags":[],"class_list":["post-24043","post","type-post","status-publish","format-standard","has-post-thumbnail","hentry","category-nacional"],"jetpack_featured_media_url":"https:\/\/laserenaradio.cl\/web\/wp-content\/uploads\/2024\/12\/laserenaradio_nacional.webp","jetpack_sharing_enabled":true,"_links":{"self":[{"href":"https:\/\/laserenaradio.cl\/web\/wp-json\/wp\/v2\/posts\/24043","targetHints":{"allow":["GET"]}}],"collection":[{"href":"https:\/\/laserenaradio.cl\/web\/wp-json\/wp\/v2\/posts"}],"about":[{"href":"https:\/\/laserenaradio.cl\/web\/wp-json\/wp\/v2\/types\/post"}],"author":[{"embeddable":true,"href":"https:\/\/laserenaradio.cl\/web\/wp-json\/wp\/v2\/users\/2"}],"replies":[{"embeddable":true,"href":"https:\/\/laserenaradio.cl\/web\/wp-json\/wp\/v2\/comments?post=24043"}],"version-history":[{"count":1,"href":"https:\/\/laserenaradio.cl\/web\/wp-json\/wp\/v2\/posts\/24043\/revisions"}],"predecessor-version":[{"id":24044,"href":"https:\/\/laserenaradio.cl\/web\/wp-json\/wp\/v2\/posts\/24043\/revisions\/24044"}],"wp:featuredmedia":[{"embeddable":true,"href":"https:\/\/laserenaradio.cl\/web\/wp-json\/wp\/v2\/media\/9076"}],"wp:attachment":[{"href":"https:\/\/laserenaradio.cl\/web\/wp-json\/wp\/v2\/media?parent=24043"}],"wp:term":[{"taxonomy":"category","embeddable":true,"href":"https:\/\/laserenaradio.cl\/web\/wp-json\/wp\/v2\/categories?post=24043"},{"taxonomy":"post_tag","embeddable":true,"href":"https:\/\/laserenaradio.cl\/web\/wp-json\/wp\/v2\/tags?post=24043"}],"curies":[{"name":"wp","href":"https:\/\/api.w.org\/{rel}","templated":true}]}}