{"id":24038,"date":"2026-02-22T11:04:53","date_gmt":"2026-02-22T14:04:53","guid":{"rendered":"https:\/\/laserenaradio.cl\/web\/?p=24038"},"modified":"2026-02-22T11:04:53","modified_gmt":"2026-02-22T14:04:53","slug":"transporte-publico-subira-la-tarifa-en-25","status":"publish","type":"post","link":"https:\/\/laserenaradio.cl\/web\/2026\/02\/22\/transporte-publico-subira-la-tarifa-en-25\/","title":{"rendered":"Transporte p\u00fablico subir\u00e1 la tarifa en $25"},"content":{"rendered":"<p>A partir de este domingo 22 de febrero, el transporte p\u00fablico en la Regi\u00f3n Metropolitana experimentar\u00e1 una subida de $25 en sus tarifas. Este incremento impactar\u00e1 a diversos servicios como Metro, Buses RED y Tren Nos \u2013 Estaci\u00f3n Central.<\/p>\n<p>La tarifa para adultos se elevar\u00e1 a $795 durante el horario normal, mientras que durante el horario punta la cifra ser\u00e1 de $895. Las tarifas destinadas al adulto mayor y a los escolares tambi\u00e9n ver\u00e1n un aumento, llegando respectivamente a $390 y $260 pesos.<\/p>\n<p>El monto m\u00e1ximo mensual para el sistema Dale QR se ajustar\u00e1 a $42.000 y comenzar\u00e1 a aplicar desde el 1 de marzo.<\/p>\n<p>Seg\u00fan el panel de expertos, esta decisi\u00f3n responde a factores como la inflaci\u00f3n del a\u00f1o 2025 y al congelamiento temporal de las tarifas entre 2019 y 2023. El ingeniero Franco Basso, acad\u00e9mico de la Universidad Cat\u00f3lica de Valpara\u00edso, expres\u00f3 que la reducci\u00f3n de estas tarifas representar\u00e1 un desaf\u00edo para el futuro gobierno de Jos\u00e9 Antonio Kast.<\/p>\n<p>Basso se\u00f1al\u00f3 que a\u00fan quedan $50 por subir y se enfrentar\u00e1n a una evasi\u00f3n del sistema que no es suficiente. \u201cLas presiones alcistas van a continuar\u201d, advirti\u00f3. <\/p>\n<p>Este lunes ser\u00e1 el primer d\u00eda h\u00e1bil con las nuevas tarifas en vigor, coincidiendo con la proximidad del retorno masivo de los habitantes de Santiago tras las vacaciones.<\/p>\n","protected":false},"excerpt":{"rendered":"<p>A partir de este domingo 22 de febrero, el transporte p\u00fablico en la Regi\u00f3n Metropolitana experimentar\u00e1 una subida de $25 en sus tarifas. Este incremento impactar\u00e1 a diversos servicios como Metro, Buses RED y Tren Nos \u2013 Estaci\u00f3n Central. La tarifa para adultos se elevar\u00e1 a $795 durante el horario normal, mientras que durante el [&hellip;]<\/p>\n","protected":false},"author":2,"featured_media":24037,"comment_status":"closed","ping_status":"open","sticky":false,"template":"","format":"standard","meta":{"_jetpack_memberships_contains_paid_content":false,"jnews-multi-image_gallery":[],"jnews_single_post":[],"jnews_primary_category":[],"jnews_social_meta":[],"jnews_paywall_metabox":[],"jnews_review":[],"enable_review":"","type":"","name":"","summary":"","brand":"","sku":"","good":[],"bad":[],"score_override":"","override_value":"","rating":[],"price":[],"jnews_override_counter":[],"jnews_post_split":[],"footnotes":""},"categories":[21],"tags":[],"class_list":["post-24038","post","type-post","status-publish","format-standard","has-post-thumbnail","hentry","category-nacional"],"jetpack_featured_media_url":"https:\/\/laserenaradio.cl\/web\/wp-content\/uploads\/2026\/02\/mediapiaiextstaticimg_webpTarifatransporte_1.webp","jetpack_sharing_enabled":true,"_links":{"self":[{"href":"https:\/\/laserenaradio.cl\/web\/wp-json\/wp\/v2\/posts\/24038","targetHints":{"allow":["GET"]}}],"collection":[{"href":"https:\/\/laserenaradio.cl\/web\/wp-json\/wp\/v2\/posts"}],"about":[{"href":"https:\/\/laserenaradio.cl\/web\/wp-json\/wp\/v2\/types\/post"}],"author":[{"embeddable":true,"href":"https:\/\/laserenaradio.cl\/web\/wp-json\/wp\/v2\/users\/2"}],"replies":[{"embeddable":true,"href":"https:\/\/laserenaradio.cl\/web\/wp-json\/wp\/v2\/comments?post=24038"}],"version-history":[{"count":1,"href":"https:\/\/laserenaradio.cl\/web\/wp-json\/wp\/v2\/posts\/24038\/revisions"}],"predecessor-version":[{"id":24039,"href":"https:\/\/laserenaradio.cl\/web\/wp-json\/wp\/v2\/posts\/24038\/revisions\/24039"}],"wp:featuredmedia":[{"embeddable":true,"href":"https:\/\/laserenaradio.cl\/web\/wp-json\/wp\/v2\/media\/24037"}],"wp:attachment":[{"href":"https:\/\/laserenaradio.cl\/web\/wp-json\/wp\/v2\/media?parent=24038"}],"wp:term":[{"taxonomy":"category","embeddable":true,"href":"https:\/\/laserenaradio.cl\/web\/wp-json\/wp\/v2\/categories?post=24038"},{"taxonomy":"post_tag","embeddable":true,"href":"https:\/\/laserenaradio.cl\/web\/wp-json\/wp\/v2\/tags?post=24038"}],"curies":[{"name":"wp","href":"https:\/\/api.w.org\/{rel}","templated":true}]}}