{"id":23999,"date":"2026-02-20T23:08:52","date_gmt":"2026-02-21T02:08:52","guid":{"rendered":"https:\/\/laserenaradio.cl\/web\/?p=23999"},"modified":"2026-02-20T23:08:52","modified_gmt":"2026-02-21T02:08:52","slug":"emiten-un-aviso-por-altas-temperaturas-en-zonas-desde-la-region-metropolitana-a-la-region-del-biobio","status":"publish","type":"post","link":"https:\/\/laserenaradio.cl\/web\/2026\/02\/20\/emiten-un-aviso-por-altas-temperaturas-en-zonas-desde-la-region-metropolitana-a-la-region-del-biobio\/","title":{"rendered":"Emiten un Aviso por Altas Temperaturas en zonas desde la regi\u00f3n Metropolitana a la regi\u00f3n del Biob\u00edo"},"content":{"rendered":"<p>Desde la Direcci\u00f3n Meteorol\u00f3gica de Chile, emitieron el Aviso A77-2\/2026 por Altas Temperaturas debido a la condici\u00f3n sin\u00f3ptica Dorsal en altura.<\/p>\n<p>En detalle, la <a href=\"http:\/\/www.meteochile.gob.cl\/PortalDMC-web\/index.xhtml\" rel=\"nofollow\">Direcci\u00f3n Meteorol\u00f3gica de Chile<\/a>, indica que este fen\u00f3meno se encontrar\u00e1 vigente desde <strong>la tarde del s\u00e1bado 21 de febrero del 2026<\/strong> y hasta <strong>la tarde del domingo 22 de febrero del 2026<\/strong>.<\/p>\n<p>Las zonas afectadas por la condici\u00f3n ser\u00edan: Metropolitana (Cordillera Costa, Valle, Precordillera)<br \/>O&#039;Higgins (Cordillera Costa, Valle, Precordillera)<br \/>Maule (Cordillera Costa, Valle, Precordillera)<br \/>\u00d1uble (Cordillera Costa, Valle, Precordillera)<br \/>Biob\u00edo (Cordillera Costa, Valle, Precordillera)<\/p>\n<p>Debido a esta condici\u00f3n, se llama a tener precauci\u00f3n y cautela por el Aviso vigente por Altas Temperaturas en zonas desde la regi\u00f3n Metropolitana a la regi\u00f3n del Biob\u00edo.<\/p>\n","protected":false},"excerpt":{"rendered":"<p>Desde la Direcci\u00f3n Meteorol\u00f3gica de Chile, emitieron el Aviso A77-2\/2026 por Altas Temperaturas debido a la condici\u00f3n sin\u00f3ptica Dorsal en altura. En detalle, la Direcci\u00f3n Meteorol\u00f3gica de Chile, indica que este fen\u00f3meno se encontrar\u00e1 vigente desde la tarde del s\u00e1bado 21 de febrero del 2026 y hasta la tarde del domingo 22 de febrero del [&hellip;]<\/p>\n","protected":false},"author":2,"featured_media":23998,"comment_status":"closed","ping_status":"open","sticky":false,"template":"","format":"standard","meta":{"_jetpack_memberships_contains_paid_content":false,"jnews-multi-image_gallery":[],"jnews_single_post":[],"jnews_primary_category":[],"jnews_social_meta":[],"jnews_paywall_metabox":[],"jnews_review":[],"enable_review":"","type":"","name":"","summary":"","brand":"","sku":"","good":[],"bad":[],"score_override":"","override_value":"","rating":[],"price":[],"jnews_override_counter":[],"jnews_post_split":[],"footnotes":""},"categories":[21],"tags":[],"class_list":["post-23999","post","type-post","status-publish","format-standard","has-post-thumbnail","hentry","category-nacional"],"jetpack_featured_media_url":"https:\/\/laserenaradio.cl\/web\/wp-content\/uploads\/2026\/02\/mediapiaiextstaticimg_webpCordilleraCostaPrecordilleraAvisoAltasTemperaturas_1-3.webp","jetpack_sharing_enabled":true,"_links":{"self":[{"href":"https:\/\/laserenaradio.cl\/web\/wp-json\/wp\/v2\/posts\/23999","targetHints":{"allow":["GET"]}}],"collection":[{"href":"https:\/\/laserenaradio.cl\/web\/wp-json\/wp\/v2\/posts"}],"about":[{"href":"https:\/\/laserenaradio.cl\/web\/wp-json\/wp\/v2\/types\/post"}],"author":[{"embeddable":true,"href":"https:\/\/laserenaradio.cl\/web\/wp-json\/wp\/v2\/users\/2"}],"replies":[{"embeddable":true,"href":"https:\/\/laserenaradio.cl\/web\/wp-json\/wp\/v2\/comments?post=23999"}],"version-history":[{"count":1,"href":"https:\/\/laserenaradio.cl\/web\/wp-json\/wp\/v2\/posts\/23999\/revisions"}],"predecessor-version":[{"id":24000,"href":"https:\/\/laserenaradio.cl\/web\/wp-json\/wp\/v2\/posts\/23999\/revisions\/24000"}],"wp:featuredmedia":[{"embeddable":true,"href":"https:\/\/laserenaradio.cl\/web\/wp-json\/wp\/v2\/media\/23998"}],"wp:attachment":[{"href":"https:\/\/laserenaradio.cl\/web\/wp-json\/wp\/v2\/media?parent=23999"}],"wp:term":[{"taxonomy":"category","embeddable":true,"href":"https:\/\/laserenaradio.cl\/web\/wp-json\/wp\/v2\/categories?post=23999"},{"taxonomy":"post_tag","embeddable":true,"href":"https:\/\/laserenaradio.cl\/web\/wp-json\/wp\/v2\/tags?post=23999"}],"curies":[{"name":"wp","href":"https:\/\/api.w.org\/{rel}","templated":true}]}}