{"id":23993,"date":"2026-02-20T22:53:42","date_gmt":"2026-02-21T01:53:42","guid":{"rendered":"https:\/\/laserenaradio.cl\/web\/?p=23993"},"modified":"2026-02-20T22:53:42","modified_gmt":"2026-02-21T01:53:42","slug":"givens-leguirre-exintegrante-de-reggaeton-boys-es-detenido-por-crimen","status":"publish","type":"post","link":"https:\/\/laserenaradio.cl\/web\/2026\/02\/20\/givens-leguirre-exintegrante-de-reggaeton-boys-es-detenido-por-crimen\/","title":{"rendered":"Givens Leguirre, exintegrante de Reggaeton Boys, es detenido por crimen."},"content":{"rendered":"<p>Givens Leguirre, exintegrante de Reggaeton Boys, fue detenido por <a href=\"https:\/\/www.carabineros.cl\/\">Carabineros<\/a> en Quinta Normal. La investigaci\u00f3n es liderada por la <a href=\"https:\/\/www.fiscaliadechile.cl\/\">Fiscal\u00eda<\/a> ECOH relacionada con un crimen de empresario. Tras la captura, el tribunal ampli\u00f3 el plazo para recabar pruebas y formalizar los cargos.<\/p>\n<p>El procedimiento se llev\u00f3 a cabo por la unidad especializada de <a href=\"https:\/\/www.carabineros.cl\/\">Carabineros<\/a>, que investiga las posibles conexiones de Leguirre con el caso. La defensa del m\u00fasico desminti\u00f3 cualquier implicaci\u00f3n en el crimen, afirmando desconocimiento total sobre los hechos.<\/p>\n<p>Leguirre ya enfrent\u00f3 la justicia previamente. En febrero de 2025, fue formalizado y permaneci\u00f3 bajo arresto domiciliario con arraigo nacional tras ser sorprendido conduciendo un veh\u00edculo con placas falsificadas y portando un arma ilegal.<\/p>\n<p>En 2018, tambi\u00e9n fue capturado en una causa vinculada a la banda \u201cLos Zares de la Red\u201d, acusado de estafa y fraude inform\u00e1tico. Este caso se suspendi\u00f3 dos a\u00f1os despu\u00e9s del procedimiento judicial.<\/p>\n<p>Respecto a los antecedentes, el abogado defensor resalt\u00f3 que la formalizaci\u00f3n anterior es &#8220;totalmente distinta&#8221; al crimen actualmente investigado.<\/p>\n","protected":false},"excerpt":{"rendered":"<p>Givens Leguirre, exintegrante de Reggaeton Boys, fue detenido por Carabineros en Quinta Normal. La investigaci\u00f3n es liderada por la Fiscal\u00eda ECOH relacionada con un crimen de empresario. Tras la captura, el tribunal ampli\u00f3 el plazo para recabar pruebas y formalizar los cargos. El procedimiento se llev\u00f3 a cabo por la unidad especializada de Carabineros, que [&hellip;]<\/p>\n","protected":false},"author":2,"featured_media":23992,"comment_status":"closed","ping_status":"open","sticky":false,"template":"","format":"standard","meta":{"_jetpack_memberships_contains_paid_content":false,"jnews-multi-image_gallery":[],"jnews_single_post":[],"jnews_primary_category":[],"jnews_social_meta":[],"jnews_paywall_metabox":[],"jnews_review":[],"enable_review":"","type":"","name":"","summary":"","brand":"","sku":"","good":[],"bad":[],"score_override":"","override_value":"","rating":[],"price":[],"jnews_override_counter":[],"jnews_post_split":[],"footnotes":""},"categories":[21],"tags":[],"class_list":["post-23993","post","type-post","status-publish","format-standard","has-post-thumbnail","hentry","category-nacional"],"jetpack_featured_media_url":"https:\/\/laserenaradio.cl\/web\/wp-content\/uploads\/2026\/02\/mediapiaiextstaticimg_webpcrimenGivensLeguirreexintegranteReggaetonBoys_0.webp","jetpack_sharing_enabled":true,"_links":{"self":[{"href":"https:\/\/laserenaradio.cl\/web\/wp-json\/wp\/v2\/posts\/23993","targetHints":{"allow":["GET"]}}],"collection":[{"href":"https:\/\/laserenaradio.cl\/web\/wp-json\/wp\/v2\/posts"}],"about":[{"href":"https:\/\/laserenaradio.cl\/web\/wp-json\/wp\/v2\/types\/post"}],"author":[{"embeddable":true,"href":"https:\/\/laserenaradio.cl\/web\/wp-json\/wp\/v2\/users\/2"}],"replies":[{"embeddable":true,"href":"https:\/\/laserenaradio.cl\/web\/wp-json\/wp\/v2\/comments?post=23993"}],"version-history":[{"count":1,"href":"https:\/\/laserenaradio.cl\/web\/wp-json\/wp\/v2\/posts\/23993\/revisions"}],"predecessor-version":[{"id":23994,"href":"https:\/\/laserenaradio.cl\/web\/wp-json\/wp\/v2\/posts\/23993\/revisions\/23994"}],"wp:featuredmedia":[{"embeddable":true,"href":"https:\/\/laserenaradio.cl\/web\/wp-json\/wp\/v2\/media\/23992"}],"wp:attachment":[{"href":"https:\/\/laserenaradio.cl\/web\/wp-json\/wp\/v2\/media?parent=23993"}],"wp:term":[{"taxonomy":"category","embeddable":true,"href":"https:\/\/laserenaradio.cl\/web\/wp-json\/wp\/v2\/categories?post=23993"},{"taxonomy":"post_tag","embeddable":true,"href":"https:\/\/laserenaradio.cl\/web\/wp-json\/wp\/v2\/tags?post=23993"}],"curies":[{"name":"wp","href":"https:\/\/api.w.org\/{rel}","templated":true}]}}