{"id":23987,"date":"2026-02-20T19:53:45","date_gmt":"2026-02-20T22:53:45","guid":{"rendered":"https:\/\/laserenaradio.cl\/web\/?p=23987"},"modified":"2026-02-20T19:53:45","modified_gmt":"2026-02-20T22:53:45","slug":"tres-hombres-siguen-desaparecidos-tras-explosion-de-camion","status":"publish","type":"post","link":"https:\/\/laserenaradio.cl\/web\/2026\/02\/20\/tres-hombres-siguen-desaparecidos-tras-explosion-de-camion\/","title":{"rendered":"Tres hombres siguen desaparecidos tras explosi\u00f3n de cami\u00f3n"},"content":{"rendered":"<p>Un d\u00eda despu\u00e9s de la explosi\u00f3n de un cami\u00f3n en una autopista de Renca, tres hombres siguen desaparecidos. Nicol\u00e1s Soto, uno de los desaparecidos, iba junto a su pareja manejando su motocicleta en la autopista donde ocurri\u00f3 el incidente. Andr\u00e9s Arroyo y Fabi\u00e1n Carvallo son los otros dos sujetos que no han sido localizados.<\/p>\n<p>El incidente se produjo en la intersecci\u00f3n de Ruta 5 Norte con General Vel\u00e1squez, report\u00e1ndose 17 heridos, 16 de ellos en riesgo vital, y cuatro fallecidos. Los familiares de Nicol\u00e1s Soto buscaban informaci\u00f3n sobre su paradero en diversos recintos hospitalarios, pero sin \u00e9xito.<\/p>\n<p>La mujer de Nicol\u00e1s fue localizada en un centro asistencial de RedSalud Santiago con un 92% de quemaduras. Andr\u00e9s Arroyo y Fabi\u00e1n Carvallo tambi\u00e9n siguen desaparecidos; la madrastra del joven Andr\u00e9s inform\u00f3 a Chilevisi\u00f3n que la empresa donde trabajaba su hijo envi\u00f3 un GPS que indicaba su ubicaci\u00f3n en el lugar del incidente.<\/p>\n<p>Los familiares de Andr\u00e9s fueron a todos los hospitales en una lista proporcionada, pero no obtuvieron ninguna informaci\u00f3n. Fabi\u00e1n Carvallo se movilizaba con su m\u00f3vil cuando ocurri\u00f3 la explosi\u00f3n; sus familiares no saben d\u00f3nde se encuentra y el veh\u00edculo y tel\u00e9fono del desaparecido fueron localizados en el sector.<\/p>\n","protected":false},"excerpt":{"rendered":"<p>Un d\u00eda despu\u00e9s de la explosi\u00f3n de un cami\u00f3n en una autopista de Renca, tres hombres siguen desaparecidos. Nicol\u00e1s Soto, uno de los desaparecidos, iba junto a su pareja manejando su motocicleta en la autopista donde ocurri\u00f3 el incidente. Andr\u00e9s Arroyo y Fabi\u00e1n Carvallo son los otros dos sujetos que no han sido localizados. El [&hellip;]<\/p>\n","protected":false},"author":2,"featured_media":23986,"comment_status":"closed","ping_status":"open","sticky":false,"template":"","format":"standard","meta":{"_jetpack_memberships_contains_paid_content":false,"jnews-multi-image_gallery":[],"jnews_single_post":[],"jnews_primary_category":[],"jnews_social_meta":[],"jnews_paywall_metabox":[],"jnews_review":[],"enable_review":"","type":"","name":"","summary":"","brand":"","sku":"","good":[],"bad":[],"score_override":"","override_value":"","rating":[],"price":[],"jnews_override_counter":[],"jnews_post_split":[],"footnotes":""},"categories":[21],"tags":[],"class_list":["post-23987","post","type-post","status-publish","format-standard","has-post-thumbnail","hentry","category-nacional"],"jetpack_featured_media_url":"https:\/\/laserenaradio.cl\/web\/wp-content\/uploads\/2026\/02\/mediapiaiextstaticimg_webpBomberotres_1.webp","jetpack_sharing_enabled":true,"_links":{"self":[{"href":"https:\/\/laserenaradio.cl\/web\/wp-json\/wp\/v2\/posts\/23987","targetHints":{"allow":["GET"]}}],"collection":[{"href":"https:\/\/laserenaradio.cl\/web\/wp-json\/wp\/v2\/posts"}],"about":[{"href":"https:\/\/laserenaradio.cl\/web\/wp-json\/wp\/v2\/types\/post"}],"author":[{"embeddable":true,"href":"https:\/\/laserenaradio.cl\/web\/wp-json\/wp\/v2\/users\/2"}],"replies":[{"embeddable":true,"href":"https:\/\/laserenaradio.cl\/web\/wp-json\/wp\/v2\/comments?post=23987"}],"version-history":[{"count":1,"href":"https:\/\/laserenaradio.cl\/web\/wp-json\/wp\/v2\/posts\/23987\/revisions"}],"predecessor-version":[{"id":23988,"href":"https:\/\/laserenaradio.cl\/web\/wp-json\/wp\/v2\/posts\/23987\/revisions\/23988"}],"wp:featuredmedia":[{"embeddable":true,"href":"https:\/\/laserenaradio.cl\/web\/wp-json\/wp\/v2\/media\/23986"}],"wp:attachment":[{"href":"https:\/\/laserenaradio.cl\/web\/wp-json\/wp\/v2\/media?parent=23987"}],"wp:term":[{"taxonomy":"category","embeddable":true,"href":"https:\/\/laserenaradio.cl\/web\/wp-json\/wp\/v2\/categories?post=23987"},{"taxonomy":"post_tag","embeddable":true,"href":"https:\/\/laserenaradio.cl\/web\/wp-json\/wp\/v2\/tags?post=23987"}],"curies":[{"name":"wp","href":"https:\/\/api.w.org\/{rel}","templated":true}]}}