{"id":23984,"date":"2026-02-20T19:41:35","date_gmt":"2026-02-20T22:41:35","guid":{"rendered":"https:\/\/laserenaradio.cl\/web\/?p=23984"},"modified":"2026-02-20T19:41:35","modified_gmt":"2026-02-20T22:41:35","slug":"minvu-anuncia-entrega-de-254-mil-casas-hasta-febrero","status":"publish","type":"post","link":"https:\/\/laserenaradio.cl\/web\/2026\/02\/20\/minvu-anuncia-entrega-de-254-mil-casas-hasta-febrero\/","title":{"rendered":"Minvu anuncia entrega de 254 mil casas hasta febrero"},"content":{"rendered":"<p>Diversos cuestionamientos han surgido por parte de parlamentarios de la UDI en torno al anuncio del ministro de Vivienda y Urbanismo (Minvu), Carlos Montes, quien resalt\u00f3 la entrega de m\u00e1s 254.102 casas en lo que va del Gobierno del presidente Gabriel Boric hasta febrero de este a\u00f1o, en el contexto del Plan de Emergencia Habitacional.<\/p>\n<p>Esta entrega se realiz\u00f3 en Estaci\u00f3n Central durante una ceremonia donde el ministro de Vivienda, Carlos Montes, destac\u00f3 la importancia de estos resultados y afirm\u00f3 que la meta ya es inminente. Adem\u00e1s, pidi\u00f3 al pr\u00f3ximo gobierno de Jos\u00e9 Antonio Kast que produzca m\u00e1s viviendas que las realizadas en el actual Ejecutivo.<\/p>\n<p>En contraste, el diputado de la UDI Juan Fuenzalida cuestion\u00f3 la veracidad de las cifras, argumentando que la mitad de las viviendas construidas pertenecen al per\u00edodo administrativo anterior del presidente Sebasti\u00e1n Pi\u00f1era. Tambi\u00e9n, el senador Gustavo Benavente critic\u00f3 la gesti\u00f3n del ministro Montes, se\u00f1alando deudas existentes con empresas contratistas y poniendo en duda las cifras del Plan de Emergencia Habitacional.<\/p>\n<p>No obstante, seg\u00fan datos oficiales de la cartera, se han entregado 254.102 viviendas hasta principios de febrero de 2026, lo que representa un 97,7% de cumplimiento de la meta final y se acerca al objetivo de 260.000 viviendas para el per\u00edodo del actual Ejecutivo que finaliza el pr\u00f3ximo 11 de marzo.<\/p>\n<p>A pesar de las cr\u00edticas, las cifras oficiales demuestran avances nacionales y regionales, superando metas espec\u00edficas en entrega de viviendas. Ese es el caso de Valpara\u00edso y B\u00edo B\u00edo, dos regiones sumamente afectadas por incendios forestales.<\/p>\n<p>Mientras el gobierno de Gabriel Boric se acerca al final de su mandato, el Plan de Emergencia Habitacional contin\u00faa siendo una prioridad para asegurar que miles de familias puedan acceder a viviendas dignas antes del t\u00e9rmino del per\u00edodo gubernamental.<\/p>\n","protected":false},"excerpt":{"rendered":"<p>Diversos cuestionamientos han surgido por parte de parlamentarios de la UDI en torno al anuncio del ministro de Vivienda y Urbanismo (Minvu), Carlos Montes, quien resalt\u00f3 la entrega de m\u00e1s 254.102 casas en lo que va del Gobierno del presidente Gabriel Boric hasta febrero de este a\u00f1o, en el contexto del Plan de Emergencia Habitacional. [&hellip;]<\/p>\n","protected":false},"author":2,"featured_media":23983,"comment_status":"closed","ping_status":"open","sticky":false,"template":"","format":"standard","meta":{"_jetpack_memberships_contains_paid_content":false,"jnews-multi-image_gallery":[],"jnews_single_post":[],"jnews_primary_category":[],"jnews_social_meta":[],"jnews_paywall_metabox":[],"jnews_review":[],"enable_review":"","type":"","name":"","summary":"","brand":"","sku":"","good":[],"bad":[],"score_override":"","override_value":"","rating":[],"price":[],"jnews_override_counter":[],"jnews_post_split":[],"footnotes":""},"categories":[21],"tags":[],"class_list":["post-23984","post","type-post","status-publish","format-standard","has-post-thumbnail","hentry","category-nacional"],"jetpack_featured_media_url":"https:\/\/laserenaradio.cl\/web\/wp-content\/uploads\/2026\/02\/mediapiaiextstaticimg_webpMinvuviviendas_1.webp","jetpack_sharing_enabled":true,"_links":{"self":[{"href":"https:\/\/laserenaradio.cl\/web\/wp-json\/wp\/v2\/posts\/23984","targetHints":{"allow":["GET"]}}],"collection":[{"href":"https:\/\/laserenaradio.cl\/web\/wp-json\/wp\/v2\/posts"}],"about":[{"href":"https:\/\/laserenaradio.cl\/web\/wp-json\/wp\/v2\/types\/post"}],"author":[{"embeddable":true,"href":"https:\/\/laserenaradio.cl\/web\/wp-json\/wp\/v2\/users\/2"}],"replies":[{"embeddable":true,"href":"https:\/\/laserenaradio.cl\/web\/wp-json\/wp\/v2\/comments?post=23984"}],"version-history":[{"count":1,"href":"https:\/\/laserenaradio.cl\/web\/wp-json\/wp\/v2\/posts\/23984\/revisions"}],"predecessor-version":[{"id":23985,"href":"https:\/\/laserenaradio.cl\/web\/wp-json\/wp\/v2\/posts\/23984\/revisions\/23985"}],"wp:featuredmedia":[{"embeddable":true,"href":"https:\/\/laserenaradio.cl\/web\/wp-json\/wp\/v2\/media\/23983"}],"wp:attachment":[{"href":"https:\/\/laserenaradio.cl\/web\/wp-json\/wp\/v2\/media?parent=23984"}],"wp:term":[{"taxonomy":"category","embeddable":true,"href":"https:\/\/laserenaradio.cl\/web\/wp-json\/wp\/v2\/categories?post=23984"},{"taxonomy":"post_tag","embeddable":true,"href":"https:\/\/laserenaradio.cl\/web\/wp-json\/wp\/v2\/tags?post=23984"}],"curies":[{"name":"wp","href":"https:\/\/api.w.org\/{rel}","templated":true}]}}