{"id":23965,"date":"2026-02-20T07:09:46","date_gmt":"2026-02-20T10:09:46","guid":{"rendered":"https:\/\/laserenaradio.cl\/web\/?p=23965"},"modified":"2026-02-20T07:09:46","modified_gmt":"2026-02-20T10:09:46","slug":"discrepancias-sobre-ayuda-a-damnificados-por-incendios-en-chile","status":"publish","type":"post","link":"https:\/\/laserenaradio.cl\/web\/2026\/02\/20\/discrepancias-sobre-ayuda-a-damnificados-por-incendios-en-chile\/","title":{"rendered":"Discrepancias sobre ayuda a damnificados por incendios en Chile"},"content":{"rendered":"<p>Una pol\u00e9mica se gener\u00f3 entre el ministro del Interior, \u00c1lvaro Elizalde, y el alcalde de Penco, Rodrigo Vera, luego que el secretario de Estado pidiera esclarecer la ayuda entregada a damnificados por los incendios en la regi\u00f3n del B\u00edo B\u00edo. Esto, despu\u00e9s de que el Servicio Nacional de Prevenci\u00f3n y Respuesta ante Desastres (<a href=\"http:\/\/www.senapred.cl\">Senapred<\/a>) oficiara al municipio para aclarar inconsistencias.<\/p>\n<p>En medio de su visita a la zona, la directora nacional del servicio, Alicia Cebr\u00edan, detall\u00f3 que en el oficio se refieren a la entrega de 38 kit de habitabilidad, donde solo una familia contaba con la Ficha B\u00e1sica de Emergencia (FIBE). Esta acreditaba afectaci\u00f3n mayor en enseres de hogar o renuncias informales a las viviendas de emergencia para optar al bolsillo electr\u00f3nico.<\/p>\n<p>\u201cFalencias, o inconsistencias. Prefiero hablar de inconsistencias, porque son cosas que el municipio todav\u00eda puede regularizar respecto a la entrega de los elementos que normalmente <a href=\"http:\/\/www.senapred.cl\">Senapred<\/a> entrega en estas ocasiones, que son elementos de emergencia, herramientas, cajas de alimentos, y todos aquellos elementos que sirvieron para poder habilitar los albergues y otras ayudas que se entregan directamente a las personas\u201d, explic\u00f3.<\/p>\n<p>\u201cEsto fue entregado en distintas fechas al municipio, y el municipio tiene que dar cuenta que efectivamente se cumpli\u00f3 el objetivo de ello, que era entreg\u00e1rselo a las personas\u201d, a\u00f1adi\u00f3.<\/p>\n<p>Por su parte, el ministro del Interior, \u00c1lvaro Elizalde, agreg\u00f3 que han entregado m\u00e1s $4 mil millones al municipio. \u201cHe estado visitando las tres comunas, y me he reunido con personas afectadas. Llama la atenci\u00f3n que en dos comunas la gente dice: \u2018s\u00ed, la ayuda no ha llegado. No est\u00e1 llegando&#8217;\u201d, asegur\u00f3.<\/p>\n<p>\u201cAh\u00ed hay algo que no est\u00e1 funcionando y debe ser esclarecido\u201d, subray\u00f3.<\/p>\n<p>Tras visitar uno de los galpones donde se acopia la ayuda en Lirqu\u00e9n, el ministro inst\u00f3 a distribuir las cajas entre los afectados. \u201cSe ha enviado ayuda significativa. De hecho, hoy hice una inspecci\u00f3n al galp\u00f3n donde est\u00e1 esa ayuda, y creemos que esta tiene que distribuirse con la mayor celeridad\u201d, se\u00f1al\u00f3.<\/p>\n<p>\u201cMuchos dicen que la ayuda no llega, pero en lo que respecta a <a href=\"http:\/\/www.senapred.cl\">Senapred<\/a>, puedo decir que esta se envi\u00f3 con mucha celeridad en los primeros d\u00edas y, por tanto, lo que corresponde es que las autoridades municipales la distribuyan a los vecinos\u201d, recalc\u00f3.<\/p>\n<p>En medio de las acusaciones, el alcalde de Penco, Rodrigo Vera, hizo un llamado a trabajar de forma coordinada y no a caer en \u201cgallitos pol\u00edticos\u201d. En ese sentido, asegur\u00f3 que las cajas que almacenan en el recinto de acopio visitado por el ministro ser\u00e1n distribuidas en las pr\u00f3ximas horas. Adem\u00e1s, apunt\u00f3 a que la ayuda recibida por parte <a href=\"http:\/\/www.senapred.cl\">Senapred<\/a> ha sido un porcentaje menor.<\/p>\n<p>\u201cMe llama mucho la atenci\u00f3n que un ministro no pregunte al municipio antes de generar una opini\u00f3n. La ayuda, y puedo enviar foto\/respaldo, que tal d\u00eda en la bodega se entrega de aqu\u00ed a ma\u00f1ana\u201d, cuestion\u00f3.<\/p>\n<p>\u201cEl 5% de ayuda que entreg\u00f3 <a href=\"http:\/\/www.senapred.cl\">Senapred<\/a>. La gran ayuda que est\u00e1 ah\u00ed entregada es gracias al alcalde de Independencia que lleg\u00f3 ayer\u201d, sostuvo.<\/p>\n<p>El jefe comunal dijo que responder\u00e1n al oficio de <a href=\"http:\/\/www.senapred.cl\">Senapred<\/a> con todos los antecedentes solicitados, ya que cada ayuda social entregada tiene el respaldo correspondiente.<\/p>\n","protected":false},"excerpt":{"rendered":"<p>Una pol\u00e9mica se gener\u00f3 entre el ministro del Interior, \u00c1lvaro Elizalde, y el alcalde de Penco, Rodrigo Vera, luego que el secretario de Estado pidiera esclarecer la ayuda entregada a damnificados por los incendios en la regi\u00f3n del B\u00edo B\u00edo. Esto, despu\u00e9s de que el Servicio Nacional de Prevenci\u00f3n y Respuesta ante Desastres (Senapred) oficiara [&hellip;]<\/p>\n","protected":false},"author":2,"featured_media":9076,"comment_status":"closed","ping_status":"open","sticky":false,"template":"","format":"standard","meta":{"_jetpack_memberships_contains_paid_content":false,"jnews-multi-image_gallery":[],"jnews_single_post":[],"jnews_primary_category":[],"jnews_social_meta":[],"jnews_paywall_metabox":[],"jnews_review":[],"enable_review":"","type":"","name":"","summary":"","brand":"","sku":"","good":[],"bad":[],"score_override":"","override_value":"","rating":[],"price":[],"jnews_override_counter":[],"jnews_post_split":[],"footnotes":""},"categories":[21],"tags":[],"class_list":["post-23965","post","type-post","status-publish","format-standard","has-post-thumbnail","hentry","category-nacional"],"jetpack_featured_media_url":"https:\/\/laserenaradio.cl\/web\/wp-content\/uploads\/2024\/12\/laserenaradio_nacional.webp","jetpack_sharing_enabled":true,"_links":{"self":[{"href":"https:\/\/laserenaradio.cl\/web\/wp-json\/wp\/v2\/posts\/23965","targetHints":{"allow":["GET"]}}],"collection":[{"href":"https:\/\/laserenaradio.cl\/web\/wp-json\/wp\/v2\/posts"}],"about":[{"href":"https:\/\/laserenaradio.cl\/web\/wp-json\/wp\/v2\/types\/post"}],"author":[{"embeddable":true,"href":"https:\/\/laserenaradio.cl\/web\/wp-json\/wp\/v2\/users\/2"}],"replies":[{"embeddable":true,"href":"https:\/\/laserenaradio.cl\/web\/wp-json\/wp\/v2\/comments?post=23965"}],"version-history":[{"count":1,"href":"https:\/\/laserenaradio.cl\/web\/wp-json\/wp\/v2\/posts\/23965\/revisions"}],"predecessor-version":[{"id":23966,"href":"https:\/\/laserenaradio.cl\/web\/wp-json\/wp\/v2\/posts\/23965\/revisions\/23966"}],"wp:featuredmedia":[{"embeddable":true,"href":"https:\/\/laserenaradio.cl\/web\/wp-json\/wp\/v2\/media\/9076"}],"wp:attachment":[{"href":"https:\/\/laserenaradio.cl\/web\/wp-json\/wp\/v2\/media?parent=23965"}],"wp:term":[{"taxonomy":"category","embeddable":true,"href":"https:\/\/laserenaradio.cl\/web\/wp-json\/wp\/v2\/categories?post=23965"},{"taxonomy":"post_tag","embeddable":true,"href":"https:\/\/laserenaradio.cl\/web\/wp-json\/wp\/v2\/tags?post=23965"}],"curies":[{"name":"wp","href":"https:\/\/api.w.org\/{rel}","templated":true}]}}