{"id":23958,"date":"2026-02-19T21:52:33","date_gmt":"2026-02-20T00:52:33","guid":{"rendered":"https:\/\/laserenaradio.cl\/web\/?p=23958"},"modified":"2026-02-19T21:52:33","modified_gmt":"2026-02-20T00:52:33","slug":"el-cardenal-chomali-destaca-un-desencanto-social-detras-de-los-therians","status":"publish","type":"post","link":"https:\/\/laserenaradio.cl\/web\/2026\/02\/19\/el-cardenal-chomali-destaca-un-desencanto-social-detras-de-los-therians\/","title":{"rendered":"El Cardenal Chomali destaca un desencanto social detr\u00e1s de los therians."},"content":{"rendered":"<p>El arzobispo de Santiago, cardenal Fernando Chomali, se refiri\u00f3 al fen\u00f3meno de los llamados therians, una tendencia juvenil que ha generado debate en redes sociales y comunidades educativas. Para la m\u00e1xima autoridad de la Iglesia en Santiago, detr\u00e1s de esta moda existe un profundo malestar social que no puede ser ignorado. \u201cDetr\u00e1s de los Therians hay un desencanto de lo humano, de la sociedad fr\u00edvola e individualista que segrega, no da esperanza ni presenta grandes ideales\u201d, afirm\u00f3 el Cardenal en su cuenta de X.<\/p>\n<p>Asimismo, Chomali sostuvo que los therians, esta identificaci\u00f3n de algunos adolescentes con animales, no debe analizarse solo como una expresi\u00f3n pasajera, sino como una se\u00f1al de algo m\u00e1s profundo. \u201cVeo en esta moda un grito desesperado de amor, cari\u00f1o y consideraci\u00f3n\u201d, expres\u00f3.<\/p>\n<p>En esa l\u00ednea, el cardenal fue enf\u00e1tico al se\u00f1alar que existe una deuda pendiente de la sociedad adulta con los j\u00f3venes. Apunt\u00f3 directamente a la falta de acompa\u00f1amiento que sufren en su desarrollo. \u201cLos j\u00f3venes est\u00e1n solos, los hemos abandonado. \u00a1As\u00ed es!\u201d, declar\u00f3 Chomali, instalando una reflexi\u00f3n que trasciende el fen\u00f3meno de los therian.<\/p>\n<p>El fen\u00f3meno se ha vuelto viral en los \u00faltimos d\u00edas y fue el punto central de la publicaci\u00f3n del Arzobispo de Santiago. Ladran, a\u00fallan, caminan en cuatro patas, pero no son perros. Se trata de j\u00f3venes que se identifican como animales y que han sido captados en parques y plazas, especialmente en Argentina, generando un intenso debate en redes sociales sobre los l\u00edmites de la expresi\u00f3n identitaria juvenil.<\/p>\n","protected":false},"excerpt":{"rendered":"<p>El arzobispo de Santiago, cardenal Fernando Chomali, se refiri\u00f3 al fen\u00f3meno de los llamados therians, una tendencia juvenil que ha generado debate en redes sociales y comunidades educativas. Para la m\u00e1xima autoridad de la Iglesia en Santiago, detr\u00e1s de esta moda existe un profundo malestar social que no puede ser ignorado. \u201cDetr\u00e1s de los Therians [&hellip;]<\/p>\n","protected":false},"author":2,"featured_media":23957,"comment_status":"closed","ping_status":"open","sticky":false,"template":"","format":"standard","meta":{"_jetpack_memberships_contains_paid_content":false,"jnews-multi-image_gallery":[],"jnews_single_post":[],"jnews_primary_category":[],"jnews_social_meta":[],"jnews_paywall_metabox":[],"jnews_review":[],"enable_review":"","type":"","name":"","summary":"","brand":"","sku":"","good":[],"bad":[],"score_override":"","override_value":"","rating":[],"price":[],"jnews_override_counter":[],"jnews_post_split":[],"footnotes":""},"categories":[21],"tags":[],"class_list":["post-23958","post","type-post","status-publish","format-standard","has-post-thumbnail","hentry","category-nacional"],"jetpack_featured_media_url":"https:\/\/laserenaradio.cl\/web\/wp-content\/uploads\/2026\/02\/mediapiaiextstaticimg_webpCardenalChomali_0.webp","jetpack_sharing_enabled":true,"_links":{"self":[{"href":"https:\/\/laserenaradio.cl\/web\/wp-json\/wp\/v2\/posts\/23958","targetHints":{"allow":["GET"]}}],"collection":[{"href":"https:\/\/laserenaradio.cl\/web\/wp-json\/wp\/v2\/posts"}],"about":[{"href":"https:\/\/laserenaradio.cl\/web\/wp-json\/wp\/v2\/types\/post"}],"author":[{"embeddable":true,"href":"https:\/\/laserenaradio.cl\/web\/wp-json\/wp\/v2\/users\/2"}],"replies":[{"embeddable":true,"href":"https:\/\/laserenaradio.cl\/web\/wp-json\/wp\/v2\/comments?post=23958"}],"version-history":[{"count":1,"href":"https:\/\/laserenaradio.cl\/web\/wp-json\/wp\/v2\/posts\/23958\/revisions"}],"predecessor-version":[{"id":23959,"href":"https:\/\/laserenaradio.cl\/web\/wp-json\/wp\/v2\/posts\/23958\/revisions\/23959"}],"wp:featuredmedia":[{"embeddable":true,"href":"https:\/\/laserenaradio.cl\/web\/wp-json\/wp\/v2\/media\/23957"}],"wp:attachment":[{"href":"https:\/\/laserenaradio.cl\/web\/wp-json\/wp\/v2\/media?parent=23958"}],"wp:term":[{"taxonomy":"category","embeddable":true,"href":"https:\/\/laserenaradio.cl\/web\/wp-json\/wp\/v2\/categories?post=23958"},{"taxonomy":"post_tag","embeddable":true,"href":"https:\/\/laserenaradio.cl\/web\/wp-json\/wp\/v2\/tags?post=23958"}],"curies":[{"name":"wp","href":"https:\/\/api.w.org\/{rel}","templated":true}]}}