{"id":23935,"date":"2026-02-19T14:14:34","date_gmt":"2026-02-19T17:14:34","guid":{"rendered":"https:\/\/laserenaradio.cl\/web\/?p=23935"},"modified":"2026-02-19T14:14:34","modified_gmt":"2026-02-19T17:14:34","slug":"vecinos-de-vina-del-mar-y-quilpue-presentan-querella-por-megaincendio","status":"publish","type":"post","link":"https:\/\/laserenaradio.cl\/web\/2026\/02\/19\/vecinos-de-vina-del-mar-y-quilpue-presentan-querella-por-megaincendio\/","title":{"rendered":"Vecinos de Vi\u00f1a del Mar y Quilpu\u00e9 presentan querella por megaincendio"},"content":{"rendered":"<p>A dos a\u00f1os del megaincendio que impact\u00f3 a Vi\u00f1a del Mar y Quilpu\u00e9, regi\u00f3n de Valpara\u00edso, un grupo de vecinos damnificados anunci\u00f3 la presentaci\u00f3n de una querella penal para esclarecer el destino de los recursos p\u00fablicos y privados durante la emergencia. La acci\u00f3n judicial surge tras informes de la Contralor\u00eda General que revelaron m\u00faltiples irregularidades en la ejecuci\u00f3n de fondos.<\/p>\n<p>Frente a este escenario, las familias afectadas, muchas a\u00fan viviendo en viviendas de emergencia o endeudadas para reconstruir, decidieron recurrir a la justicia penal con el objetivo de establecer responsabilidades administrativas y penales. El abogado Felipe Olea representante de cerca de 500 propietarios explic\u00f3 que la querella se presentar\u00e1 ante el Tribunal de Garant\u00eda de Valpara\u00edso.<\/p>\n<p>Carolina S\u00e1nchez, Claudio Salinas y Ver\u00f3nica Jim\u00e9nez, algunos de los querellantes del sector Canal Chacao, se\u00f1alaron que el proceso ha significado no solo la p\u00e9rdida de viviendas, sino tambi\u00e9n un profundo impacto emocional y econ\u00f3mico. Asimismo, denunciaron endeudamiento forzado para reconstruir y una sensaci\u00f3n generalizada de abandono.<\/p>\n<p>La acci\u00f3n legal busca esclarecer el destino de los fondos comprometidos para la reconstrucci\u00f3n y establecer responsabilidades en un caso que ha profundizado la desconfianza institucional tras una de las mayores tragedias recientes en la regi\u00f3n.<\/p>\n","protected":false},"excerpt":{"rendered":"<p>A dos a\u00f1os del megaincendio que impact\u00f3 a Vi\u00f1a del Mar y Quilpu\u00e9, regi\u00f3n de Valpara\u00edso, un grupo de vecinos damnificados anunci\u00f3 la presentaci\u00f3n de una querella penal para esclarecer el destino de los recursos p\u00fablicos y privados durante la emergencia. La acci\u00f3n judicial surge tras informes de la Contralor\u00eda General que revelaron m\u00faltiples irregularidades [&hellip;]<\/p>\n","protected":false},"author":2,"featured_media":23934,"comment_status":"closed","ping_status":"open","sticky":false,"template":"","format":"standard","meta":{"_jetpack_memberships_contains_paid_content":false,"jnews-multi-image_gallery":[],"jnews_single_post":[],"jnews_primary_category":[],"jnews_social_meta":[],"jnews_paywall_metabox":[],"jnews_review":[],"enable_review":"","type":"","name":"","summary":"","brand":"","sku":"","good":[],"bad":[],"score_override":"","override_value":"","rating":[],"price":[],"jnews_override_counter":[],"jnews_post_split":[],"footnotes":""},"categories":[21],"tags":[],"class_list":["post-23935","post","type-post","status-publish","format-standard","has-post-thumbnail","hentry","category-nacional"],"jetpack_featured_media_url":"https:\/\/laserenaradio.cl\/web\/wp-content\/uploads\/2026\/02\/mediapiaiextstaticimg_webpquerellapenalmegaincendioMar_1.webp","jetpack_sharing_enabled":true,"_links":{"self":[{"href":"https:\/\/laserenaradio.cl\/web\/wp-json\/wp\/v2\/posts\/23935","targetHints":{"allow":["GET"]}}],"collection":[{"href":"https:\/\/laserenaradio.cl\/web\/wp-json\/wp\/v2\/posts"}],"about":[{"href":"https:\/\/laserenaradio.cl\/web\/wp-json\/wp\/v2\/types\/post"}],"author":[{"embeddable":true,"href":"https:\/\/laserenaradio.cl\/web\/wp-json\/wp\/v2\/users\/2"}],"replies":[{"embeddable":true,"href":"https:\/\/laserenaradio.cl\/web\/wp-json\/wp\/v2\/comments?post=23935"}],"version-history":[{"count":1,"href":"https:\/\/laserenaradio.cl\/web\/wp-json\/wp\/v2\/posts\/23935\/revisions"}],"predecessor-version":[{"id":23936,"href":"https:\/\/laserenaradio.cl\/web\/wp-json\/wp\/v2\/posts\/23935\/revisions\/23936"}],"wp:featuredmedia":[{"embeddable":true,"href":"https:\/\/laserenaradio.cl\/web\/wp-json\/wp\/v2\/media\/23934"}],"wp:attachment":[{"href":"https:\/\/laserenaradio.cl\/web\/wp-json\/wp\/v2\/media?parent=23935"}],"wp:term":[{"taxonomy":"category","embeddable":true,"href":"https:\/\/laserenaradio.cl\/web\/wp-json\/wp\/v2\/categories?post=23935"},{"taxonomy":"post_tag","embeddable":true,"href":"https:\/\/laserenaradio.cl\/web\/wp-json\/wp\/v2\/tags?post=23935"}],"curies":[{"name":"wp","href":"https:\/\/api.w.org\/{rel}","templated":true}]}}