{"id":23932,"date":"2026-02-19T12:38:42","date_gmt":"2026-02-19T15:38:42","guid":{"rendered":"https:\/\/laserenaradio.cl\/web\/?p=23932"},"modified":"2026-02-19T12:38:42","modified_gmt":"2026-02-19T15:38:42","slug":"municipio-de-antofagasta-retira-vehiculos-tras-vertido-ilegal-de-escombros-en-sector-norte","status":"publish","type":"post","link":"https:\/\/laserenaradio.cl\/web\/2026\/02\/19\/municipio-de-antofagasta-retira-vehiculos-tras-vertido-ilegal-de-escombros-en-sector-norte\/","title":{"rendered":"Municipio de Antofagasta retira veh\u00edculos tras vertido ilegal de escombros en sector norte"},"content":{"rendered":"<p>Municipio intensific\u00f3 la fiscalizaci\u00f3n en La Chimba y retir\u00f3 cuatro veh\u00edculos por vertido ilegal de escombros, reforzando que las multas alcanzan tanto a fleteros como a quienes contratan estos servicios.<\/p>\n<p>Una jornada de fiscalizaci\u00f3n a fleteros se llev\u00f3 a cabo en el sector norte de la ciudad, espec\u00edficamente en La Chimba, a la altura de calle H\u00e9roes de la Concepci\u00f3n, donde autoridades detectaron acumulaci\u00f3n de basura y escombros arrojados ilegalmente en quebradas y accesos.<\/p>\n<p>&#8220;Si se transportan residuos peligrosos y t\u00f3xicos, las multas pueden llegar hasta 150 UTM, cerca de 9 millones de pesos. No se arriesguen&#8221;<\/p>\n<p>El operativo fue encabezado por el alcalde Sacha Razmilic, quien denunci\u00f3 que estos residuos son trasladados por fleteros contratados por particulares que luego se desentienden de la disposici\u00f3n final.<\/p>\n<p>\u201cHoy estuvimos haciendo limpieza de quebradas donde encontramos este tipo de residuos y escombros que fleteros irresponsables, encargados por particulares que tambi\u00e9n son irresponsables y se desentienden de la situaci\u00f3n, encargan para ir a botar a todas partes\u201d, se\u00f1al\u00f3 la autoridad comunal.<\/p>\n<p>El jefe comunal precis\u00f3 que la intervenci\u00f3n se realiz\u00f3 \u201cen el sector norte, en el sector de La Chimba, espec\u00edficamente en H\u00e9roes de la Concepci\u00f3n\u201d, advirtiendo que la legislaci\u00f3n vigente sanciona estas pr\u00e1cticas. \u201cLa ley es clara, la Ley de Tr\u00e1nsito en su art\u00edculo 192 bis castiga al que transporta, al que deposita, al que encarga llevar basura y escombros a sitios no autorizados\u201d, afirm\u00f3.<\/p>\n<p>Durante el procedimiento, cuatro veh\u00edculos dedicados al rubro de chatarras y fletes fueron retirados y trasladados al corral\u00f3n municipal tras ser sorprendidos infringiendo la normativa en la intersecci\u00f3n de Oficina Anita con H\u00e9roes de la Concepci\u00f3n.<\/p>\n<p>El alcalde advirti\u00f3 que las sanciones econ\u00f3micas son elevadas y alcanzan tanto a quienes realizan transporte como a quienes contratan el servicio. \u201cLas multas que arriesgan son entre 2 y 100 UTM, al que transporta y al que encarga y lo vamos a buscar y lo vamos a hacer responsables. No puede ser que tengamos este tipo de conductas impunes todo el tiempo\u201d, sostuvo.<\/p>\n<p>Asimismo, subray\u00f3 el impacto ambiental y sanitario que generan estos vertidos clandestinos: \u201cA toda hora y por toda la ciudad dejan en condiciones horrorosas e insalubres buena parte de nuestras quebradas y accesos\u201d.<\/p>\n<p>La autoridad anunci\u00f3 un endurecimiento de la fiscalizaci\u00f3n en coordinaci\u00f3n con carabineros para erradicar esta pr\u00e1ctica. Esto lo vamos a detener, vamos a poner todos los esfuerzos, tanto de la municipalidad como de Carabineros, para que esta conducta se detenga\u201d, indic\u00f3.<\/p>\n<p>El jefe comunal tambi\u00e9n advirti\u00f3 que empresas y particulares ser\u00e1n igualmente sancionados, especialmente si se trata de residuos peligrosos. \u201cSi se transportan residuos peligrosos y t\u00f3xicos, las multas pueden llegar hasta 150 UTM, cerca de 9 millones de pesos. No se arriesguen\u201d, enfatiz\u00f3.<\/p>\n","protected":false},"excerpt":{"rendered":"<p>Municipio intensific\u00f3 la fiscalizaci\u00f3n en La Chimba y retir\u00f3 cuatro veh\u00edculos por vertido ilegal de escombros, reforzando que las multas alcanzan tanto a fleteros como a quienes contratan estos servicios. Una jornada de fiscalizaci\u00f3n a fleteros se llev\u00f3 a cabo en el sector norte de la ciudad, espec\u00edficamente en La Chimba, a la altura de [&hellip;]<\/p>\n","protected":false},"author":2,"featured_media":23931,"comment_status":"closed","ping_status":"open","sticky":false,"template":"","format":"standard","meta":{"_jetpack_memberships_contains_paid_content":false,"jnews-multi-image_gallery":[],"jnews_single_post":[],"jnews_primary_category":[],"jnews_social_meta":[],"jnews_paywall_metabox":[],"jnews_review":[],"enable_review":"","type":"","name":"","summary":"","brand":"","sku":"","good":[],"bad":[],"score_override":"","override_value":"","rating":[],"price":[],"jnews_override_counter":[],"jnews_post_split":[],"footnotes":""},"categories":[21],"tags":[],"class_list":["post-23932","post","type-post","status-publish","format-standard","has-post-thumbnail","hentry","category-nacional"],"jetpack_featured_media_url":"https:\/\/laserenaradio.cl\/web\/wp-content\/uploads\/2026\/02\/mediapiaiextstaticimg_webpMunicipioescombros_1.webp","jetpack_sharing_enabled":true,"_links":{"self":[{"href":"https:\/\/laserenaradio.cl\/web\/wp-json\/wp\/v2\/posts\/23932","targetHints":{"allow":["GET"]}}],"collection":[{"href":"https:\/\/laserenaradio.cl\/web\/wp-json\/wp\/v2\/posts"}],"about":[{"href":"https:\/\/laserenaradio.cl\/web\/wp-json\/wp\/v2\/types\/post"}],"author":[{"embeddable":true,"href":"https:\/\/laserenaradio.cl\/web\/wp-json\/wp\/v2\/users\/2"}],"replies":[{"embeddable":true,"href":"https:\/\/laserenaradio.cl\/web\/wp-json\/wp\/v2\/comments?post=23932"}],"version-history":[{"count":1,"href":"https:\/\/laserenaradio.cl\/web\/wp-json\/wp\/v2\/posts\/23932\/revisions"}],"predecessor-version":[{"id":23933,"href":"https:\/\/laserenaradio.cl\/web\/wp-json\/wp\/v2\/posts\/23932\/revisions\/23933"}],"wp:featuredmedia":[{"embeddable":true,"href":"https:\/\/laserenaradio.cl\/web\/wp-json\/wp\/v2\/media\/23931"}],"wp:attachment":[{"href":"https:\/\/laserenaradio.cl\/web\/wp-json\/wp\/v2\/media?parent=23932"}],"wp:term":[{"taxonomy":"category","embeddable":true,"href":"https:\/\/laserenaradio.cl\/web\/wp-json\/wp\/v2\/categories?post=23932"},{"taxonomy":"post_tag","embeddable":true,"href":"https:\/\/laserenaradio.cl\/web\/wp-json\/wp\/v2\/tags?post=23932"}],"curies":[{"name":"wp","href":"https:\/\/api.w.org\/{rel}","templated":true}]}}