{"id":23923,"date":"2026-02-19T08:42:12","date_gmt":"2026-02-19T11:42:12","guid":{"rendered":"https:\/\/laserenaradio.cl\/web\/?p=23923"},"modified":"2026-02-19T08:42:12","modified_gmt":"2026-02-19T11:42:12","slug":"la-delegacion-presidencial-regional-de-valparaiso-solicita-devolucion-a-san-nicolas-spa-por-irregularidades-en-contratos","status":"publish","type":"post","link":"https:\/\/laserenaradio.cl\/web\/2026\/02\/19\/la-delegacion-presidencial-regional-de-valparaiso-solicita-devolucion-a-san-nicolas-spa-por-irregularidades-en-contratos\/","title":{"rendered":"La Delegaci\u00f3n Presidencial Regional de Valpara\u00edso solicita devoluci\u00f3n a San Nicol\u00e1s SpA por irregularidades en contratos"},"content":{"rendered":"<p>La Delegaci\u00f3n Presidencial Regional de Valpara\u00edso solicit\u00f3 formalmente a San Nicol\u00e1s SpA la devoluci\u00f3n de dineros no respaldados en contratos emergenciales por el megaincendio del 2 y 3 de febrero de 2024. Seg\u00fan indicaron, la Contralor\u00eda General de la Rep\u00fablica emiti\u00f3 su informe final, estableciendo nuevas exigencias que se est\u00e1n desarrollando dentro de los plazos fijados (10, 30 y 60 d\u00edas). El Ministerio P\u00fablico ya cuenta con antecedentes y el fiscal designado deber\u00eda iniciar pr\u00f3ximamente las diligencias correspondientes. Yanino Riquelme, delegado Presidencial Regional, asegur\u00f3 la situaci\u00f3n.<\/p>\n<p>Francisco Leturia, expresidente del Consejo para la Transparencia, indic\u00f3 que las instituciones solo realizan manejo comunicacional de los hechos, sin posibilidad real de devolver el dinero. La solicitud surgi\u00f3 tras cinco informes de la Contralor\u00eda, donde se detectaron irregularidades en contratos por m\u00e1s de $6.700 millones adjudicados v\u00eda trato directo para retiro de escombros a San Nicol\u00e1s SpA.<\/p>\n<p>El \u00f3rgano contralor advirti\u00f3 falta de evaluaci\u00f3n t\u00e9cnica, ausencia de boletas de garant\u00eda y subcontrataciones no permitidas bajo esta modalidad excepcional. Los cuestionamientos apuntan a la entonces delegada Presidencial Regional, Sof\u00eda Gonz\u00e1lez (ahora diputada electa del Partido Comunista), quien suscribi\u00f3 seis contratos con la empresa. Yanino Riquelme, actual delegado y ex seremi de Obras P\u00fablicas, habr\u00eda recomendado los servicios de San Nicol\u00e1s SpA en ese momento.<\/p>\n","protected":false},"excerpt":{"rendered":"<p>La Delegaci\u00f3n Presidencial Regional de Valpara\u00edso solicit\u00f3 formalmente a San Nicol\u00e1s SpA la devoluci\u00f3n de dineros no respaldados en contratos emergenciales por el megaincendio del 2 y 3 de febrero de 2024. Seg\u00fan indicaron, la Contralor\u00eda General de la Rep\u00fablica emiti\u00f3 su informe final, estableciendo nuevas exigencias que se est\u00e1n desarrollando dentro de los plazos [&hellip;]<\/p>\n","protected":false},"author":2,"featured_media":9076,"comment_status":"closed","ping_status":"open","sticky":false,"template":"","format":"standard","meta":{"_jetpack_memberships_contains_paid_content":false,"jnews-multi-image_gallery":[],"jnews_single_post":[],"jnews_primary_category":[],"jnews_social_meta":[],"jnews_paywall_metabox":[],"jnews_review":[],"enable_review":"","type":"","name":"","summary":"","brand":"","sku":"","good":[],"bad":[],"score_override":"","override_value":"","rating":[],"price":[],"jnews_override_counter":[],"jnews_post_split":[],"footnotes":""},"categories":[21],"tags":[],"class_list":["post-23923","post","type-post","status-publish","format-standard","has-post-thumbnail","hentry","category-nacional"],"jetpack_featured_media_url":"https:\/\/laserenaradio.cl\/web\/wp-content\/uploads\/2024\/12\/laserenaradio_nacional.webp","jetpack_sharing_enabled":true,"_links":{"self":[{"href":"https:\/\/laserenaradio.cl\/web\/wp-json\/wp\/v2\/posts\/23923","targetHints":{"allow":["GET"]}}],"collection":[{"href":"https:\/\/laserenaradio.cl\/web\/wp-json\/wp\/v2\/posts"}],"about":[{"href":"https:\/\/laserenaradio.cl\/web\/wp-json\/wp\/v2\/types\/post"}],"author":[{"embeddable":true,"href":"https:\/\/laserenaradio.cl\/web\/wp-json\/wp\/v2\/users\/2"}],"replies":[{"embeddable":true,"href":"https:\/\/laserenaradio.cl\/web\/wp-json\/wp\/v2\/comments?post=23923"}],"version-history":[{"count":1,"href":"https:\/\/laserenaradio.cl\/web\/wp-json\/wp\/v2\/posts\/23923\/revisions"}],"predecessor-version":[{"id":23924,"href":"https:\/\/laserenaradio.cl\/web\/wp-json\/wp\/v2\/posts\/23923\/revisions\/23924"}],"wp:featuredmedia":[{"embeddable":true,"href":"https:\/\/laserenaradio.cl\/web\/wp-json\/wp\/v2\/media\/9076"}],"wp:attachment":[{"href":"https:\/\/laserenaradio.cl\/web\/wp-json\/wp\/v2\/media?parent=23923"}],"wp:term":[{"taxonomy":"category","embeddable":true,"href":"https:\/\/laserenaradio.cl\/web\/wp-json\/wp\/v2\/categories?post=23923"},{"taxonomy":"post_tag","embeddable":true,"href":"https:\/\/laserenaradio.cl\/web\/wp-json\/wp\/v2\/tags?post=23923"}],"curies":[{"name":"wp","href":"https:\/\/api.w.org\/{rel}","templated":true}]}}