{"id":23921,"date":"2026-02-19T08:39:49","date_gmt":"2026-02-19T11:39:49","guid":{"rendered":"https:\/\/laserenaradio.cl\/web\/?p=23921"},"modified":"2026-02-19T08:39:49","modified_gmt":"2026-02-19T11:39:49","slug":"reportan-explosion-en-renca-zona-norte-de-santiago","status":"publish","type":"post","link":"https:\/\/laserenaradio.cl\/web\/2026\/02\/19\/reportan-explosion-en-renca-zona-norte-de-santiago\/","title":{"rendered":"Reportan explosi\u00f3n en Renca: Zona norte de Santiago."},"content":{"rendered":"<p>Auditores de Radio B\u00edo B\u00edo reportaron escuchar una explosi\u00f3n en la zona norte de Santiago, espec\u00edficamente en el sector de Renca. Luego, se observ\u00f3 una importante columna de humo desde el lugar del incidente. De momento, no se conoce la causa exacta de lo ocurrido, sin embargo, desde el cielo se logra ver distintos focos de incendio que afectaron a veh\u00edculos e infraestructura de lo que parece ser una empresa.<\/p>\n","protected":false},"excerpt":{"rendered":"<p>Auditores de Radio B\u00edo B\u00edo reportaron escuchar una explosi\u00f3n en la zona norte de Santiago, espec\u00edficamente en el sector de Renca. Luego, se observ\u00f3 una importante columna de humo desde el lugar del incidente. De momento, no se conoce la causa exacta de lo ocurrido, sin embargo, desde el cielo se logra ver distintos focos [&hellip;]<\/p>\n","protected":false},"author":2,"featured_media":9078,"comment_status":"closed","ping_status":"open","sticky":false,"template":"","format":"standard","meta":{"_jetpack_memberships_contains_paid_content":false,"jnews-multi-image_gallery":[],"jnews_single_post":[],"jnews_primary_category":[],"jnews_social_meta":[],"jnews_paywall_metabox":[],"jnews_review":[],"enable_review":"","type":"","name":"","summary":"","brand":"","sku":"","good":[],"bad":[],"score_override":"","override_value":"","rating":[],"price":[],"jnews_override_counter":[],"jnews_post_split":[],"footnotes":""},"categories":[21],"tags":[],"class_list":["post-23921","post","type-post","status-publish","format-standard","has-post-thumbnail","hentry","category-nacional"],"jetpack_featured_media_url":"https:\/\/laserenaradio.cl\/web\/wp-content\/uploads\/2024\/12\/laserenaradio_ultimo_minuto.webp","jetpack_sharing_enabled":true,"_links":{"self":[{"href":"https:\/\/laserenaradio.cl\/web\/wp-json\/wp\/v2\/posts\/23921","targetHints":{"allow":["GET"]}}],"collection":[{"href":"https:\/\/laserenaradio.cl\/web\/wp-json\/wp\/v2\/posts"}],"about":[{"href":"https:\/\/laserenaradio.cl\/web\/wp-json\/wp\/v2\/types\/post"}],"author":[{"embeddable":true,"href":"https:\/\/laserenaradio.cl\/web\/wp-json\/wp\/v2\/users\/2"}],"replies":[{"embeddable":true,"href":"https:\/\/laserenaradio.cl\/web\/wp-json\/wp\/v2\/comments?post=23921"}],"version-history":[{"count":1,"href":"https:\/\/laserenaradio.cl\/web\/wp-json\/wp\/v2\/posts\/23921\/revisions"}],"predecessor-version":[{"id":23922,"href":"https:\/\/laserenaradio.cl\/web\/wp-json\/wp\/v2\/posts\/23921\/revisions\/23922"}],"wp:featuredmedia":[{"embeddable":true,"href":"https:\/\/laserenaradio.cl\/web\/wp-json\/wp\/v2\/media\/9078"}],"wp:attachment":[{"href":"https:\/\/laserenaradio.cl\/web\/wp-json\/wp\/v2\/media?parent=23921"}],"wp:term":[{"taxonomy":"category","embeddable":true,"href":"https:\/\/laserenaradio.cl\/web\/wp-json\/wp\/v2\/categories?post=23921"},{"taxonomy":"post_tag","embeddable":true,"href":"https:\/\/laserenaradio.cl\/web\/wp-json\/wp\/v2\/tags?post=23921"}],"curies":[{"name":"wp","href":"https:\/\/api.w.org\/{rel}","templated":true}]}}