{"id":23919,"date":"2026-02-19T08:32:48","date_gmt":"2026-02-19T11:32:48","guid":{"rendered":"https:\/\/laserenaradio.cl\/web\/?p=23919"},"modified":"2026-02-19T08:32:48","modified_gmt":"2026-02-19T11:32:48","slug":"reconstruccion-de-penco-tras-incendios-forestales","status":"publish","type":"post","link":"https:\/\/laserenaradio.cl\/web\/2026\/02\/19\/reconstruccion-de-penco-tras-incendios-forestales\/","title":{"rendered":"Reconstrucci\u00f3n de Penco tras incendios forestales"},"content":{"rendered":"<p>El Gobierno llam\u00f3 a enfrentar la tragedia por los incendios forestales en unidad. Esto surge luego de la manifestaci\u00f3n realizada por m\u00e1s de mil personas en protesta por la falta de ayuda tras la emergencia.<\/p>\n<p>Desde el Serviu se inform\u00f3 que la demolici\u00f3n del sector R\u00edos de Chile podr\u00eda llegar a costar entre 450 y 600 millones de pesos, lo cual se har\u00e1 por trato directo. <\/p>\n<p>Tras la marcha en Penco por la falta de ayudas, el delegado Presidencial, Eduardo Pacheco, insisti\u00f3 en que se est\u00e1n entregando beneficios y que se avanza tambi\u00e9n en la entrega de viviendas de emergencia.<\/p>\n<p>La autoridad a\u00f1adi\u00f3 que es necesario enfrentar esta emergencia en conjunto y unidad. Por su parte, el alcalde de Penco, Rodrigo Vera, se\u00f1al\u00f3 la incertidumbre que sienten los vecinos afectados y se refiri\u00f3 al rol del Serviu en la reconstrucci\u00f3n.<\/p>\n<p>La directora del Serviu en el B\u00edo B\u00edo, Mar\u00eda Luz Gajardo, asegur\u00f3 que est\u00e1n trabajando en dar soluciones y avanzar en una reconstrucci\u00f3n definitiva. Indic\u00f3 que se realizar\u00e1 un contrato directo para la demolici\u00f3n de los edificios del sector R\u00edos de Chile.<\/p>\n<p>Respecto al costo, la directora afirm\u00f3 que est\u00e1 proyectado entre 450 y 600 millones de pesos, pedir\u00e1 cotizaci\u00f3n a diversas empresas nacionales. <\/p>\n<p>En lo concerniente a las ayudas, Gajardo asegur\u00f3 que habr\u00e1 subsidios para arriendos y recursos para la reconstrucci\u00f3n definitiva en R\u00edos de Chile. Tambi\u00e9n mencion\u00f3 la necesidad de instalar villas de emergencia.<\/p>\n<p>Por otro lado, respecto a sectores como Vipla o Geo Chile, indic\u00f3 que se requieren soluciones diferentes, las que ser\u00e1n socializadas una vez se tenga la ficha completa del trabajo.<\/p>\n","protected":false},"excerpt":{"rendered":"<p>El Gobierno llam\u00f3 a enfrentar la tragedia por los incendios forestales en unidad. Esto surge luego de la manifestaci\u00f3n realizada por m\u00e1s de mil personas en protesta por la falta de ayuda tras la emergencia. Desde el Serviu se inform\u00f3 que la demolici\u00f3n del sector R\u00edos de Chile podr\u00eda llegar a costar entre 450 y [&hellip;]<\/p>\n","protected":false},"author":2,"featured_media":9076,"comment_status":"closed","ping_status":"open","sticky":false,"template":"","format":"standard","meta":{"_jetpack_memberships_contains_paid_content":false,"jnews-multi-image_gallery":[],"jnews_single_post":[],"jnews_primary_category":[],"jnews_social_meta":[],"jnews_paywall_metabox":[],"jnews_review":[],"enable_review":"","type":"","name":"","summary":"","brand":"","sku":"","good":[],"bad":[],"score_override":"","override_value":"","rating":[],"price":[],"jnews_override_counter":[],"jnews_post_split":[],"footnotes":""},"categories":[21],"tags":[],"class_list":["post-23919","post","type-post","status-publish","format-standard","has-post-thumbnail","hentry","category-nacional"],"jetpack_featured_media_url":"https:\/\/laserenaradio.cl\/web\/wp-content\/uploads\/2024\/12\/laserenaradio_nacional.webp","jetpack_sharing_enabled":true,"_links":{"self":[{"href":"https:\/\/laserenaradio.cl\/web\/wp-json\/wp\/v2\/posts\/23919","targetHints":{"allow":["GET"]}}],"collection":[{"href":"https:\/\/laserenaradio.cl\/web\/wp-json\/wp\/v2\/posts"}],"about":[{"href":"https:\/\/laserenaradio.cl\/web\/wp-json\/wp\/v2\/types\/post"}],"author":[{"embeddable":true,"href":"https:\/\/laserenaradio.cl\/web\/wp-json\/wp\/v2\/users\/2"}],"replies":[{"embeddable":true,"href":"https:\/\/laserenaradio.cl\/web\/wp-json\/wp\/v2\/comments?post=23919"}],"version-history":[{"count":1,"href":"https:\/\/laserenaradio.cl\/web\/wp-json\/wp\/v2\/posts\/23919\/revisions"}],"predecessor-version":[{"id":23920,"href":"https:\/\/laserenaradio.cl\/web\/wp-json\/wp\/v2\/posts\/23919\/revisions\/23920"}],"wp:featuredmedia":[{"embeddable":true,"href":"https:\/\/laserenaradio.cl\/web\/wp-json\/wp\/v2\/media\/9076"}],"wp:attachment":[{"href":"https:\/\/laserenaradio.cl\/web\/wp-json\/wp\/v2\/media?parent=23919"}],"wp:term":[{"taxonomy":"category","embeddable":true,"href":"https:\/\/laserenaradio.cl\/web\/wp-json\/wp\/v2\/categories?post=23919"},{"taxonomy":"post_tag","embeddable":true,"href":"https:\/\/laserenaradio.cl\/web\/wp-json\/wp\/v2\/tags?post=23919"}],"curies":[{"name":"wp","href":"https:\/\/api.w.org\/{rel}","templated":true}]}}