{"id":23915,"date":"2026-02-19T00:00:05","date_gmt":"2026-02-19T03:00:05","guid":{"rendered":"https:\/\/laserenaradio.cl\/web\/?p=23915"},"modified":"2026-02-19T00:00:05","modified_gmt":"2026-02-19T03:00:05","slug":"manifestantes-en-rapa-nui-exigen-a-boric-que-se-vaya-de-la-isla","status":"publish","type":"post","link":"https:\/\/laserenaradio.cl\/web\/2026\/02\/19\/manifestantes-en-rapa-nui-exigen-a-boric-que-se-vaya-de-la-isla\/","title":{"rendered":"Manifestantes en Rapa Nui exigen a Boric que se vaya de la isla."},"content":{"rendered":"<p>Tras las manifestaciones en Rapa Nui, el Ejecutivo decidi\u00f3 mantener en reserva las actividades del presidente Gabriel Boric. Esto porque el Mandatario fue recibido por unas 30 personas que le exigieron irse de la isla y advirtieron que lo perseguir\u00e1n durante los dos d\u00edas que restan de su visita.<\/p>\n<p>La prensa acreditada se encuentra en Hanga Roa a la espera de novedades por parte de Presidencia. Hasta ahora no hay informaci\u00f3n oficial sobre las actividades que desarrollar\u00e1 el jefe de Estado durante su estad\u00eda en la isla, tras las manifestaciones registradas en su contra.<\/p>\n<p>Recordemos que el Mandatario fue abordado por un grupo de manifestantes en su llegada al aeropuerto de Mataveri la tarde de este mi\u00e9rcoles, quienes lo esperaban con carteles y consignas, marcando un tenso recibimiento para Boric en su primera visita a la isla en casi cuatro a\u00f1os de gobierno.<\/p>\n<p>Las consignas de los manifestantes apuntaban directamente a la gesti\u00f3n del presidente. Le se\u00f1alaban que su llegada era tard\u00eda y que las propuestas que hab\u00eda comprometido con el pueblo rapanui durante su campa\u00f1a no se hab\u00edan consolidado.<\/p>\n","protected":false},"excerpt":{"rendered":"<p>Tras las manifestaciones en Rapa Nui, el Ejecutivo decidi\u00f3 mantener en reserva las actividades del presidente Gabriel Boric. Esto porque el Mandatario fue recibido por unas 30 personas que le exigieron irse de la isla y advirtieron que lo perseguir\u00e1n durante los dos d\u00edas que restan de su visita. La prensa acreditada se encuentra en [&hellip;]<\/p>\n","protected":false},"author":2,"featured_media":23914,"comment_status":"closed","ping_status":"open","sticky":false,"template":"","format":"standard","meta":{"_jetpack_memberships_contains_paid_content":false,"jnews-multi-image_gallery":[],"jnews_single_post":[],"jnews_primary_category":[],"jnews_social_meta":[],"jnews_paywall_metabox":[],"jnews_review":[],"enable_review":"","type":"","name":"","summary":"","brand":"","sku":"","good":[],"bad":[],"score_override":"","override_value":"","rating":[],"price":[],"jnews_override_counter":[],"jnews_post_split":[],"footnotes":""},"categories":[21],"tags":[],"class_list":["post-23915","post","type-post","status-publish","format-standard","has-post-thumbnail","hentry","category-nacional"],"jetpack_featured_media_url":"https:\/\/laserenaradio.cl\/web\/wp-content\/uploads\/2026\/02\/mediapiaiextstaticimg_webpRapaNui_0.webp","jetpack_sharing_enabled":true,"_links":{"self":[{"href":"https:\/\/laserenaradio.cl\/web\/wp-json\/wp\/v2\/posts\/23915","targetHints":{"allow":["GET"]}}],"collection":[{"href":"https:\/\/laserenaradio.cl\/web\/wp-json\/wp\/v2\/posts"}],"about":[{"href":"https:\/\/laserenaradio.cl\/web\/wp-json\/wp\/v2\/types\/post"}],"author":[{"embeddable":true,"href":"https:\/\/laserenaradio.cl\/web\/wp-json\/wp\/v2\/users\/2"}],"replies":[{"embeddable":true,"href":"https:\/\/laserenaradio.cl\/web\/wp-json\/wp\/v2\/comments?post=23915"}],"version-history":[{"count":1,"href":"https:\/\/laserenaradio.cl\/web\/wp-json\/wp\/v2\/posts\/23915\/revisions"}],"predecessor-version":[{"id":23916,"href":"https:\/\/laserenaradio.cl\/web\/wp-json\/wp\/v2\/posts\/23915\/revisions\/23916"}],"wp:featuredmedia":[{"embeddable":true,"href":"https:\/\/laserenaradio.cl\/web\/wp-json\/wp\/v2\/media\/23914"}],"wp:attachment":[{"href":"https:\/\/laserenaradio.cl\/web\/wp-json\/wp\/v2\/media?parent=23915"}],"wp:term":[{"taxonomy":"category","embeddable":true,"href":"https:\/\/laserenaradio.cl\/web\/wp-json\/wp\/v2\/categories?post=23915"},{"taxonomy":"post_tag","embeddable":true,"href":"https:\/\/laserenaradio.cl\/web\/wp-json\/wp\/v2\/tags?post=23915"}],"curies":[{"name":"wp","href":"https:\/\/api.w.org\/{rel}","templated":true}]}}