{"id":23909,"date":"2026-02-18T15:08:05","date_gmt":"2026-02-18T18:08:05","guid":{"rendered":"https:\/\/laserenaradio.cl\/web\/?p=23909"},"modified":"2026-02-18T15:08:05","modified_gmt":"2026-02-18T18:08:05","slug":"inescrupulosos-arrojan-basura-en-quebrada-del-cerro-el-ancla-y-municipio-de-antofagasta-activa-operativo-de-limpieza","status":"publish","type":"post","link":"https:\/\/laserenaradio.cl\/web\/2026\/02\/18\/inescrupulosos-arrojan-basura-en-quebrada-del-cerro-el-ancla-y-municipio-de-antofagasta-activa-operativo-de-limpieza\/","title":{"rendered":"Inescrupulosos arrojan basura en quebrada del cerro El Ancla y municipio de Antofagasta activa operativo de limpieza"},"content":{"rendered":"<p>Municipio realiz\u00f3 un operativo de limpieza en la quebrada del Cerro El Ancla, retirando escombros y enseres con apoyo del Ej\u00e9rcito, e impulsar\u00e1 fiscalizaciones y multas para frenar el vertido ilegal de basura.<\/p>\n<p>Un nuevo operativo, esta vez en la quebrada del Cerro El Ancla, realiz\u00f3 la Municipalidad de Antofagasta, donde retiraron restos de la construcci\u00f3n y muebles que inescrupulosos arrojan, afectando la calidad de vida de las personas que residen en el sector.<\/p>\n<p>Un nuevo operativo, una nueva quebrada contaminada con escombros y basura, justo ac\u00e1 en los pies del Cerro El Ancla donde habr\u00e1 una carrera este fin de semana<\/p>\n<p>Esta intervenci\u00f3n realizada por personal de aseo del municipio y Demarco, cont\u00f3 con el importante apoyo de voluntarios del Ej\u00e9rcito, que permiti\u00f3 retirar 1 tolva de basura y 12 colchones que estaban en el lugar.<\/p>\n<p>El alcalde de Antofagasta, Sacha Razmilic, dijo que esto es insostenible dado que la basura es arrojada por personas que no viven en el lugar, por lo que esto no s\u00f3lo considera labores de limpieza, sino que tambi\u00e9n ser\u00e1 complementado multas a los veh\u00edculos que llegan a arrojar desperdicios.<\/p>\n<p>\u201cUn nuevo operativo, una nueva quebrada contaminada con escombros y basura, justo ac\u00e1 en los pies del Cerro El Ancla donde habr\u00e1 una carrera este fin de semana\u201d, agreg\u00f3 Razmilic<\/p>\n<p>\u201cMiren c\u00f3mo est\u00e1 esto. Esta basura no llega ac\u00e1 en forma m\u00e1gica, ni crece del piso. Esto son fleteros contratados por vecinos, que pagan 20 mil o 30 mil pesos, y que b\u00e1sicamente se desentienden del problema\u201d, exclam\u00f3 molesto el jefe comunal.<\/p>\n<p>Agreg\u00f3 que la ciudad cuenta con dos Rescon, y la obligaci\u00f3n de las personas es cerciorarse de que los escombros lleguen a recintos autorizados, por lo que las multas son tanto para el due\u00f1o del veh\u00edculo como para quien contrata este servicio irregular.<\/p>\n<p>Finalmente, el alcalde de la ciudad agradeci\u00f3 el trabajo realizado por personal municipal y de la empresa Demarco, como el compromiso de un grupo de conscriptos del Ej\u00e9rcito.<\/p>\n","protected":false},"excerpt":{"rendered":"<p>Municipio realiz\u00f3 un operativo de limpieza en la quebrada del Cerro El Ancla, retirando escombros y enseres con apoyo del Ej\u00e9rcito, e impulsar\u00e1 fiscalizaciones y multas para frenar el vertido ilegal de basura. Un nuevo operativo, esta vez en la quebrada del Cerro El Ancla, realiz\u00f3 la Municipalidad de Antofagasta, donde retiraron restos de la [&hellip;]<\/p>\n","protected":false},"author":2,"featured_media":9076,"comment_status":"closed","ping_status":"open","sticky":false,"template":"","format":"standard","meta":{"_jetpack_memberships_contains_paid_content":false,"jnews-multi-image_gallery":[],"jnews_single_post":[],"jnews_primary_category":[],"jnews_social_meta":[],"jnews_paywall_metabox":[],"jnews_review":[],"enable_review":"","type":"","name":"","summary":"","brand":"","sku":"","good":[],"bad":[],"score_override":"","override_value":"","rating":[],"price":[],"jnews_override_counter":[],"jnews_post_split":[],"footnotes":""},"categories":[21],"tags":[],"class_list":["post-23909","post","type-post","status-publish","format-standard","has-post-thumbnail","hentry","category-nacional"],"jetpack_featured_media_url":"https:\/\/laserenaradio.cl\/web\/wp-content\/uploads\/2024\/12\/laserenaradio_nacional.webp","jetpack_sharing_enabled":true,"_links":{"self":[{"href":"https:\/\/laserenaradio.cl\/web\/wp-json\/wp\/v2\/posts\/23909","targetHints":{"allow":["GET"]}}],"collection":[{"href":"https:\/\/laserenaradio.cl\/web\/wp-json\/wp\/v2\/posts"}],"about":[{"href":"https:\/\/laserenaradio.cl\/web\/wp-json\/wp\/v2\/types\/post"}],"author":[{"embeddable":true,"href":"https:\/\/laserenaradio.cl\/web\/wp-json\/wp\/v2\/users\/2"}],"replies":[{"embeddable":true,"href":"https:\/\/laserenaradio.cl\/web\/wp-json\/wp\/v2\/comments?post=23909"}],"version-history":[{"count":1,"href":"https:\/\/laserenaradio.cl\/web\/wp-json\/wp\/v2\/posts\/23909\/revisions"}],"predecessor-version":[{"id":23910,"href":"https:\/\/laserenaradio.cl\/web\/wp-json\/wp\/v2\/posts\/23909\/revisions\/23910"}],"wp:featuredmedia":[{"embeddable":true,"href":"https:\/\/laserenaradio.cl\/web\/wp-json\/wp\/v2\/media\/9076"}],"wp:attachment":[{"href":"https:\/\/laserenaradio.cl\/web\/wp-json\/wp\/v2\/media?parent=23909"}],"wp:term":[{"taxonomy":"category","embeddable":true,"href":"https:\/\/laserenaradio.cl\/web\/wp-json\/wp\/v2\/categories?post=23909"},{"taxonomy":"post_tag","embeddable":true,"href":"https:\/\/laserenaradio.cl\/web\/wp-json\/wp\/v2\/tags?post=23909"}],"curies":[{"name":"wp","href":"https:\/\/api.w.org\/{rel}","templated":true}]}}