{"id":23898,"date":"2026-02-18T11:24:43","date_gmt":"2026-02-18T14:24:43","guid":{"rendered":"https:\/\/laserenaradio.cl\/web\/?p=23898"},"modified":"2026-02-18T11:24:43","modified_gmt":"2026-02-18T14:24:43","slug":"puerto-montt-habilitara-vuelos-internacionales","status":"publish","type":"post","link":"https:\/\/laserenaradio.cl\/web\/2026\/02\/18\/puerto-montt-habilitara-vuelos-internacionales\/","title":{"rendered":"Puerto Montt habilitar\u00e1 vuelos internacionales."},"content":{"rendered":"<p>El avance clave para la conectividad a\u00e9rea e innovaci\u00f3n en Puerto Montt registra el aeropuerto El Tepual, luego de confirmarse el progreso en la compra del sistema de esc\u00e1ner que permitir\u00e1 habilitar vuelos internacionales. <\/p>\n<p>Desde el Gobierno Regional se detall\u00f3 que la firma del convenio para concretar la adquisici\u00f3n se realizar\u00eda durante la pr\u00f3xima semana, una vez liberados los primeros recursos. Esto permitir\u00eda continuar con el proceso administrativo.<\/p>\n<p>Alejandro Santana, gobernador regional, expres\u00f3 su confianza en que marzo ser\u00eda un mes decisivo para la implementaci\u00f3n del equipamiento, actualmente en etapa de licitaci\u00f3n. \u201cEspero que pronto ya tengamos la instalaci\u00f3n del esc\u00e1ner. Nosotros ya lo aprobamos, est\u00e1 en licitaci\u00f3n de compra. Entiendo que est\u00e1 bastante avanzado y ojal\u00e1 que en marzo ya tengamos la habilitaci\u00f3n completa\u201d, se\u00f1al\u00f3.<\/p>\n<p>El nuevo sistema permitir\u00e1 que el Servicio Nacional de Aduanas realice la revisi\u00f3n de equipajes tanto en arribos como en salidas, requisito fundamental para la operaci\u00f3n de rutas internacionales. Una vez instalado, solo quedar\u00e1 que las aerol\u00edneas confirmen sus servicios.<\/p>\n<p>La eventual llegada de visitantes desde el extranjero ya genera expectativas en el sector tur\u00edstico y comercial, que anticipa ajustes para aprovechar el mayor flujo de pasajeros. Walter Cort\u00e9s, intendente de Bariloche, destac\u00f3 que la conectividad a\u00e9rea fortalece los destinos y llam\u00f3 al comercio a ampliar sus horarios y diversificar la oferta, considerando los h\u00e1bitos de los visitantes.<\/p>\n<p>\u201cHay que buscar la forma de allanarse a la situaci\u00f3n, poner m\u00e1s posibilidades tur\u00edsticas. A las ocho de la noche se empiezan a cerrar los negocios y son pocos los que quedan abiertos. El turista sale en la noche, busca chocolater\u00eda, souvenirs y eso hay que irlo armando\u201d, coment\u00f3.<\/p>\n<p>Patricio Ampuero, presidente de la C\u00e1mara de Comercio de Puerto Montt, plante\u00f3 la necesidad de retomar los horarios vespertinos y nocturnos que eran habituales antes de 2019. Seg\u00fan explic\u00f3, tanto los locatarios como los clientes adelantaron sus rutinas, generando un cierre m\u00e1s temprano de los establecimientos.<\/p>\n<p>Sin embargo, asegur\u00f3 que la posibilidad de impulsar un turismo internacional de \u201cida y vuelta\u201d abre una oportunidad para recuperar la actividad nocturna. <\/p>\n<p>Con el avance del proyecto, autoridades y gremios coinciden en que la habilitaci\u00f3n de vuelos internacionales en El Tepual no solo mejorar\u00e1 la conectividad del sur del pa\u00eds, sino que tambi\u00e9n podr\u00eda dinamizar el comercio, la gastronom\u00eda y los servicios tur\u00edsticos, fortaleciendo la econom\u00eda local.<\/p>\n","protected":false},"excerpt":{"rendered":"<p>El avance clave para la conectividad a\u00e9rea e innovaci\u00f3n en Puerto Montt registra el aeropuerto El Tepual, luego de confirmarse el progreso en la compra del sistema de esc\u00e1ner que permitir\u00e1 habilitar vuelos internacionales. Desde el Gobierno Regional se detall\u00f3 que la firma del convenio para concretar la adquisici\u00f3n se realizar\u00eda durante la pr\u00f3xima semana, [&hellip;]<\/p>\n","protected":false},"author":2,"featured_media":23897,"comment_status":"closed","ping_status":"open","sticky":false,"template":"","format":"standard","meta":{"_jetpack_memberships_contains_paid_content":false,"jnews-multi-image_gallery":[],"jnews_single_post":[],"jnews_primary_category":[],"jnews_social_meta":[],"jnews_paywall_metabox":[],"jnews_review":[],"enable_review":"","type":"","name":"","summary":"","brand":"","sku":"","good":[],"bad":[],"score_override":"","override_value":"","rating":[],"price":[],"jnews_override_counter":[],"jnews_post_split":[],"footnotes":""},"categories":[21],"tags":[],"class_list":["post-23898","post","type-post","status-publish","format-standard","has-post-thumbnail","hentry","category-nacional"],"jetpack_featured_media_url":"https:\/\/laserenaradio.cl\/web\/wp-content\/uploads\/2026\/02\/mediapiaiextstaticimg_webpinternacionalesyaconectividadPuertoMontt_0.webp","jetpack_sharing_enabled":true,"_links":{"self":[{"href":"https:\/\/laserenaradio.cl\/web\/wp-json\/wp\/v2\/posts\/23898","targetHints":{"allow":["GET"]}}],"collection":[{"href":"https:\/\/laserenaradio.cl\/web\/wp-json\/wp\/v2\/posts"}],"about":[{"href":"https:\/\/laserenaradio.cl\/web\/wp-json\/wp\/v2\/types\/post"}],"author":[{"embeddable":true,"href":"https:\/\/laserenaradio.cl\/web\/wp-json\/wp\/v2\/users\/2"}],"replies":[{"embeddable":true,"href":"https:\/\/laserenaradio.cl\/web\/wp-json\/wp\/v2\/comments?post=23898"}],"version-history":[{"count":1,"href":"https:\/\/laserenaradio.cl\/web\/wp-json\/wp\/v2\/posts\/23898\/revisions"}],"predecessor-version":[{"id":23899,"href":"https:\/\/laserenaradio.cl\/web\/wp-json\/wp\/v2\/posts\/23898\/revisions\/23899"}],"wp:featuredmedia":[{"embeddable":true,"href":"https:\/\/laserenaradio.cl\/web\/wp-json\/wp\/v2\/media\/23897"}],"wp:attachment":[{"href":"https:\/\/laserenaradio.cl\/web\/wp-json\/wp\/v2\/media?parent=23898"}],"wp:term":[{"taxonomy":"category","embeddable":true,"href":"https:\/\/laserenaradio.cl\/web\/wp-json\/wp\/v2\/categories?post=23898"},{"taxonomy":"post_tag","embeddable":true,"href":"https:\/\/laserenaradio.cl\/web\/wp-json\/wp\/v2\/tags?post=23898"}],"curies":[{"name":"wp","href":"https:\/\/api.w.org\/{rel}","templated":true}]}}