{"id":23879,"date":"2026-02-17T22:03:15","date_gmt":"2026-02-18T01:03:15","guid":{"rendered":"https:\/\/laserenaradio.cl\/web\/?p=23879"},"modified":"2026-02-17T22:03:15","modified_gmt":"2026-02-18T01:03:15","slug":"detenido-por-encerrona-a-macarena-tondreau","status":"publish","type":"post","link":"https:\/\/laserenaradio.cl\/web\/2026\/02\/17\/detenido-por-encerrona-a-macarena-tondreau\/","title":{"rendered":"Detenido por encerrona a Macarena Tondreau"},"content":{"rendered":"<p>El \u00fanico detenido relacionado con la violenta encerrona a Macarena Tondreau y su hija en Vitacura fue formalizado y se impuso la medida cautelar de prisi\u00f3n preventiva. El hecho ocurri\u00f3 el domingo por la noche, en la intersecci\u00f3n de Vespucio Oriente con Costanera Norte. All\u00ed, cuatro individuos intimidaron a Tondreau, quien viajaba acompa\u00f1ada de su hija menor y dos perros.<\/p>\n<p>Posteriormente, los delincuentes hurtaron el veh\u00edculo BMW en el que se desplazaban. Este apareci\u00f3 d\u00edas despu\u00e9s en Conchal\u00ed. Durante este per\u00edodo, la Polic\u00eda de Investigaciones (<a href=\"https:\/\/www.pdichile.cl\/\">PDI<\/a>) llev\u00f3 a cabo una investigaci\u00f3n meticulosa, incluyendo el an\u00e1lisis de redes sociales para identificar miembros de la banda. Asimismo, la se\u00f1al GPS del veh\u00edculo sustra\u00eddo fue crucial para iniciar un seguimiento y generar una alerta.<\/p>\n<p>Finalmente, la detenci\u00f3n se efectu\u00f3 en Conchal\u00ed, donde tambi\u00e9n fueron recuperados los veh\u00edculos usados en el robo. Se encontraron las patentes de otros autos, lo que sugiere la existencia de una banda especializada en este tipo de delitos. El individuo aprehendido es chileno, mayor de edad con antecedentes por il\u00edcitos menores pero sin sentencias judiciales. La medida cautelar impuesta ser\u00e1 vigente durante 60 d\u00edas.<\/p>\n","protected":false},"excerpt":{"rendered":"<p>El \u00fanico detenido relacionado con la violenta encerrona a Macarena Tondreau y su hija en Vitacura fue formalizado y se impuso la medida cautelar de prisi\u00f3n preventiva. El hecho ocurri\u00f3 el domingo por la noche, en la intersecci\u00f3n de Vespucio Oriente con Costanera Norte. All\u00ed, cuatro individuos intimidaron a Tondreau, quien viajaba acompa\u00f1ada de su [&hellip;]<\/p>\n","protected":false},"author":2,"featured_media":23878,"comment_status":"closed","ping_status":"open","sticky":false,"template":"","format":"standard","meta":{"_jetpack_memberships_contains_paid_content":false,"jnews-multi-image_gallery":[],"jnews_single_post":[],"jnews_primary_category":[],"jnews_social_meta":[],"jnews_paywall_metabox":[],"jnews_review":[],"enable_review":"","type":"","name":"","summary":"","brand":"","sku":"","good":[],"bad":[],"score_override":"","override_value":"","rating":[],"price":[],"jnews_override_counter":[],"jnews_post_split":[],"footnotes":""},"categories":[21],"tags":[],"class_list":["post-23879","post","type-post","status-publish","format-standard","has-post-thumbnail","hentry","category-nacional"],"jetpack_featured_media_url":"https:\/\/laserenaradio.cl\/web\/wp-content\/uploads\/2026\/02\/mediapiaiextstaticimg_webpedadMacarenaTondreauautopistaVespucioOriente_1.webp","jetpack_sharing_enabled":true,"_links":{"self":[{"href":"https:\/\/laserenaradio.cl\/web\/wp-json\/wp\/v2\/posts\/23879","targetHints":{"allow":["GET"]}}],"collection":[{"href":"https:\/\/laserenaradio.cl\/web\/wp-json\/wp\/v2\/posts"}],"about":[{"href":"https:\/\/laserenaradio.cl\/web\/wp-json\/wp\/v2\/types\/post"}],"author":[{"embeddable":true,"href":"https:\/\/laserenaradio.cl\/web\/wp-json\/wp\/v2\/users\/2"}],"replies":[{"embeddable":true,"href":"https:\/\/laserenaradio.cl\/web\/wp-json\/wp\/v2\/comments?post=23879"}],"version-history":[{"count":1,"href":"https:\/\/laserenaradio.cl\/web\/wp-json\/wp\/v2\/posts\/23879\/revisions"}],"predecessor-version":[{"id":23880,"href":"https:\/\/laserenaradio.cl\/web\/wp-json\/wp\/v2\/posts\/23879\/revisions\/23880"}],"wp:featuredmedia":[{"embeddable":true,"href":"https:\/\/laserenaradio.cl\/web\/wp-json\/wp\/v2\/media\/23878"}],"wp:attachment":[{"href":"https:\/\/laserenaradio.cl\/web\/wp-json\/wp\/v2\/media?parent=23879"}],"wp:term":[{"taxonomy":"category","embeddable":true,"href":"https:\/\/laserenaradio.cl\/web\/wp-json\/wp\/v2\/categories?post=23879"},{"taxonomy":"post_tag","embeddable":true,"href":"https:\/\/laserenaradio.cl\/web\/wp-json\/wp\/v2\/tags?post=23879"}],"curies":[{"name":"wp","href":"https:\/\/api.w.org\/{rel}","templated":true}]}}