{"id":23867,"date":"2026-02-17T21:49:27","date_gmt":"2026-02-18T00:49:27","guid":{"rendered":"https:\/\/laserenaradio.cl\/web\/?p=23867"},"modified":"2026-02-17T21:49:27","modified_gmt":"2026-02-18T00:49:27","slug":"medico-detenido-por-presunto-abuso-sexual-en-ancud","status":"publish","type":"post","link":"https:\/\/laserenaradio.cl\/web\/2026\/02\/17\/medico-detenido-por-presunto-abuso-sexual-en-ancud\/","title":{"rendered":"M\u00e9dico detenido por presunto abuso sexual en Ancud"},"content":{"rendered":"<p>Un m\u00e9dico extranjero fue detenido este martes en Ancud, regi\u00f3n de Los Lagos, por presunto abuso sexual a una trabajadora externa del Cesfam Dr. Manuel Ferreira.<\/p>\n<p>Se trata de un profesional de la salud acusado de un incidente que habr\u00eda ocurrido dentro de ese centro sanitario.<\/p>\n<p>Seg\u00fan informes preliminares, el victimario es una trabajadora de aseo de aproximadamente 20 a\u00f1os de edad que presta servicios en el Cesfam mencionado.<\/p>\n<p>Los padres de la joven acudieron junto a ella al Hospital San Carlos de Ancud para la constataci\u00f3n de lesiones y activaci\u00f3n de protocolos correspondientes.<\/p>\n<p>El m\u00e9dico, quien permanece detenido en las dependencias de la Primera Comisar\u00eda de <a href=\"https:\/\/www.carabineros.cl\/\">Carabineros<\/a> de Ancud, qued\u00f3 a disposici\u00f3n del Ministerio P\u00fablico.<\/p>\n<p>Este \u00faltimo ser\u00e1 el encargado de definir en las pr\u00f3ximas horas si realiza un control de detenci\u00f3n y una eventual formalizaci\u00f3n, adem\u00e1s de iniciar diligencias investigativas para esclarecer los hechos.<\/p>\n","protected":false},"excerpt":{"rendered":"<p>Un m\u00e9dico extranjero fue detenido este martes en Ancud, regi\u00f3n de Los Lagos, por presunto abuso sexual a una trabajadora externa del Cesfam Dr. Manuel Ferreira. Se trata de un profesional de la salud acusado de un incidente que habr\u00eda ocurrido dentro de ese centro sanitario. Seg\u00fan informes preliminares, el victimario es una trabajadora de [&hellip;]<\/p>\n","protected":false},"author":2,"featured_media":23866,"comment_status":"closed","ping_status":"open","sticky":false,"template":"","format":"standard","meta":{"_jetpack_memberships_contains_paid_content":false,"jnews-multi-image_gallery":[],"jnews_single_post":[],"jnews_primary_category":[],"jnews_social_meta":[],"jnews_paywall_metabox":[],"jnews_review":[],"enable_review":"","type":"","name":"","summary":"","brand":"","sku":"","good":[],"bad":[],"score_override":"","override_value":"","rating":[],"price":[],"jnews_override_counter":[],"jnews_post_split":[],"footnotes":""},"categories":[21],"tags":[],"class_list":["post-23867","post","type-post","status-publish","format-standard","has-post-thumbnail","hentry","category-nacional"],"jetpack_featured_media_url":"https:\/\/laserenaradio.cl\/web\/wp-content\/uploads\/2026\/02\/mediapiaiextstaticimg_webpMedicoAncud_0.webp","jetpack_sharing_enabled":true,"_links":{"self":[{"href":"https:\/\/laserenaradio.cl\/web\/wp-json\/wp\/v2\/posts\/23867","targetHints":{"allow":["GET"]}}],"collection":[{"href":"https:\/\/laserenaradio.cl\/web\/wp-json\/wp\/v2\/posts"}],"about":[{"href":"https:\/\/laserenaradio.cl\/web\/wp-json\/wp\/v2\/types\/post"}],"author":[{"embeddable":true,"href":"https:\/\/laserenaradio.cl\/web\/wp-json\/wp\/v2\/users\/2"}],"replies":[{"embeddable":true,"href":"https:\/\/laserenaradio.cl\/web\/wp-json\/wp\/v2\/comments?post=23867"}],"version-history":[{"count":1,"href":"https:\/\/laserenaradio.cl\/web\/wp-json\/wp\/v2\/posts\/23867\/revisions"}],"predecessor-version":[{"id":23868,"href":"https:\/\/laserenaradio.cl\/web\/wp-json\/wp\/v2\/posts\/23867\/revisions\/23868"}],"wp:featuredmedia":[{"embeddable":true,"href":"https:\/\/laserenaradio.cl\/web\/wp-json\/wp\/v2\/media\/23866"}],"wp:attachment":[{"href":"https:\/\/laserenaradio.cl\/web\/wp-json\/wp\/v2\/media?parent=23867"}],"wp:term":[{"taxonomy":"category","embeddable":true,"href":"https:\/\/laserenaradio.cl\/web\/wp-json\/wp\/v2\/categories?post=23867"},{"taxonomy":"post_tag","embeddable":true,"href":"https:\/\/laserenaradio.cl\/web\/wp-json\/wp\/v2\/tags?post=23867"}],"curies":[{"name":"wp","href":"https:\/\/api.w.org\/{rel}","templated":true}]}}