{"id":23849,"date":"2026-02-17T14:50:59","date_gmt":"2026-02-17T17:50:59","guid":{"rendered":"https:\/\/laserenaradio.cl\/web\/?p=23849"},"modified":"2026-02-17T14:50:59","modified_gmt":"2026-02-17T17:50:59","slug":"un-humorista-beso-a-una-menor-en-un-escenario","status":"publish","type":"post","link":"https:\/\/laserenaradio.cl\/web\/2026\/02\/17\/un-humorista-beso-a-una-menor-en-un-escenario\/","title":{"rendered":"Un humorista bes\u00f3 a una menor en un escenario"},"content":{"rendered":"<p>Las autoridades de Villa Alegre activaron protocolos de protecci\u00f3n tras un controvertido incidente protagonizado por el humorista Dino Gordillo en la reciente Fiesta Naranja. Durante su presentaci\u00f3n, una adolescente subi\u00f3 al escenario y el comediante le habr\u00eda propinado un beso en la boca ante el p\u00fablico asistente.<\/p>\n<p>El hecho gener\u00f3 una reacci\u00f3n inmediata del Concejo Municipal, donde el concejal C\u00e9sar Vallejo exigi\u00f3 una revisi\u00f3n institucional del caso. Ante ello, la Oficina Local de la Ni\u00f1ez (OLN) lidera la recopilaci\u00f3n de antecedentes para determinar la edad exacta de la v\u00edctima.<\/p>\n<p>Seg\u00fan la encargada de la unidad, la tipificaci\u00f3n legal del acto depende de si la menor tiene 13 o 14 a\u00f1os. En el primer escenario, la conducta podr\u00eda constituir el delito de violaci\u00f3n, mientras que en el segundo podr\u00eda calificarse como estupro.<\/p>\n<p>La menor habr\u00eda estado en el escenario con el consentimiento de sus padres, quienes son extranjeros. Por ello, desde la OLN se pondr\u00e1n en contacto con la familia para conocer su postura. El concejal Vallejo fue enf\u00e1tico en la sesi\u00f3n municipal al se\u00f1alar que la administraci\u00f3n no puede ignorar lo ocurrido.<\/p>\n<p>\u201cComo municipalidad y como servidores p\u00fablicos no podemos quedar ajenos a esta situaci\u00f3n\u201d, manifest\u00f3, subrayando que el resguardo de los derechos de la infancia debe ser la prioridad. Por su parte, la alcald\u00eda subrogante solicit\u00f3 un informe jur\u00eddico interno para definir los pasos administrativos y legales a seguir ante el Ministerio P\u00fablico.<\/p>\n<p>Desde la OLN insistieron en que, independientemente de la voluntad de la familia de la adolescente, la instituci\u00f3n tiene la obligaci\u00f3n legal de denunciar cualquier vulneraci\u00f3n ante la <a href=\"https:\/\/www.fiscaliadechile.cl\/\">Fiscal\u00eda<\/a>. Mientras que la concejala Mar\u00eda Teresa Pacheco, finalmente, detall\u00f3 el momento, asegurando: \u201cYo vi a la ni\u00f1a, estaba al lado de ella, y ella fue a darle el beso y \u00e9l se lo dio en la boca\u201d.<\/p>\n","protected":false},"excerpt":{"rendered":"<p>Las autoridades de Villa Alegre activaron protocolos de protecci\u00f3n tras un controvertido incidente protagonizado por el humorista Dino Gordillo en la reciente Fiesta Naranja. Durante su presentaci\u00f3n, una adolescente subi\u00f3 al escenario y el comediante le habr\u00eda propinado un beso en la boca ante el p\u00fablico asistente. El hecho gener\u00f3 una reacci\u00f3n inmediata del Concejo [&hellip;]<\/p>\n","protected":false},"author":2,"featured_media":9076,"comment_status":"closed","ping_status":"open","sticky":false,"template":"","format":"standard","meta":{"_jetpack_memberships_contains_paid_content":false,"jnews-multi-image_gallery":[],"jnews_single_post":[],"jnews_primary_category":[],"jnews_social_meta":[],"jnews_paywall_metabox":[],"jnews_review":[],"enable_review":"","type":"","name":"","summary":"","brand":"","sku":"","good":[],"bad":[],"score_override":"","override_value":"","rating":[],"price":[],"jnews_override_counter":[],"jnews_post_split":[],"footnotes":""},"categories":[21],"tags":[],"class_list":["post-23849","post","type-post","status-publish","format-standard","has-post-thumbnail","hentry","category-nacional"],"jetpack_featured_media_url":"https:\/\/laserenaradio.cl\/web\/wp-content\/uploads\/2024\/12\/laserenaradio_nacional.webp","jetpack_sharing_enabled":true,"_links":{"self":[{"href":"https:\/\/laserenaradio.cl\/web\/wp-json\/wp\/v2\/posts\/23849","targetHints":{"allow":["GET"]}}],"collection":[{"href":"https:\/\/laserenaradio.cl\/web\/wp-json\/wp\/v2\/posts"}],"about":[{"href":"https:\/\/laserenaradio.cl\/web\/wp-json\/wp\/v2\/types\/post"}],"author":[{"embeddable":true,"href":"https:\/\/laserenaradio.cl\/web\/wp-json\/wp\/v2\/users\/2"}],"replies":[{"embeddable":true,"href":"https:\/\/laserenaradio.cl\/web\/wp-json\/wp\/v2\/comments?post=23849"}],"version-history":[{"count":1,"href":"https:\/\/laserenaradio.cl\/web\/wp-json\/wp\/v2\/posts\/23849\/revisions"}],"predecessor-version":[{"id":23850,"href":"https:\/\/laserenaradio.cl\/web\/wp-json\/wp\/v2\/posts\/23849\/revisions\/23850"}],"wp:featuredmedia":[{"embeddable":true,"href":"https:\/\/laserenaradio.cl\/web\/wp-json\/wp\/v2\/media\/9076"}],"wp:attachment":[{"href":"https:\/\/laserenaradio.cl\/web\/wp-json\/wp\/v2\/media?parent=23849"}],"wp:term":[{"taxonomy":"category","embeddable":true,"href":"https:\/\/laserenaradio.cl\/web\/wp-json\/wp\/v2\/categories?post=23849"},{"taxonomy":"post_tag","embeddable":true,"href":"https:\/\/laserenaradio.cl\/web\/wp-json\/wp\/v2\/tags?post=23849"}],"curies":[{"name":"wp","href":"https:\/\/api.w.org\/{rel}","templated":true}]}}