{"id":23840,"date":"2026-02-17T00:27:04","date_gmt":"2026-02-17T03:27:04","guid":{"rendered":"https:\/\/laserenaradio.cl\/web\/?p=23840"},"modified":"2026-02-17T00:27:04","modified_gmt":"2026-02-17T03:27:04","slug":"sismo-de-magnitud-47-sacude-la-region-de-coquimbo","status":"publish","type":"post","link":"https:\/\/laserenaradio.cl\/web\/2026\/02\/17\/sismo-de-magnitud-47-sacude-la-region-de-coquimbo\/","title":{"rendered":"Sismo de magnitud 4,7 sacude la regi\u00f3n de Coquimbo"},"content":{"rendered":"<p>Un nuevo sismo de magnitud 4.7 se registr\u00f3 en la noche del lunes en el centro-norte de Chile, espec\u00edficamente a las 22:21 horas. El epicentro fue localizado a 8 kil\u00f3metros al noroeste de Punitaqui, con una profundidad de 50 kil\u00f3metros, seg\u00fan datos proporcionados por el Centro Sismol\u00f3gico de la Universidad de Chile.<\/p>\n<p>El Servicio Nacional de Prevenci\u00f3n y Respuesta ante Desastres (<a href=\"http:\/\/www.senapred.cl\">Senapred<\/a>) inform\u00f3 que el sismo fue percibido a las 22:22 horas, calific\u00e1ndolo como \u201cde menor intensidad\u201d. Las percepciones var\u00edan seg\u00fan la cercan\u00eda al epicentro.<\/p>\n<p>En Punitaqui, Ovalle, R\u00edo Hurtado, Combarbal\u00e1 y Monte Patria, se registr\u00f3 una intensidad de grado III en la escala de Mercalli. En La Higuera, el sismo fue sentido con una intensidad de grado II, mientras que Vicu\u00f1a tambi\u00e9n report\u00f3 percepciones menores.<\/p>\n<p>Posteriormente, el <a href=\"https:\/\/www.sismologia.cl\/\">Centro Sismol\u00f3gico Nacional<\/a> actualiz\u00f3 la magnitud del evento a 4.7, reafirmando las ubicaciones y detalles del terremoto en la regi\u00f3n de Coquimbo.<\/p>\n","protected":false},"excerpt":{"rendered":"<p>Un nuevo sismo de magnitud 4.7 se registr\u00f3 en la noche del lunes en el centro-norte de Chile, espec\u00edficamente a las 22:21 horas. El epicentro fue localizado a 8 kil\u00f3metros al noroeste de Punitaqui, con una profundidad de 50 kil\u00f3metros, seg\u00fan datos proporcionados por el Centro Sismol\u00f3gico de la Universidad de Chile. El Servicio Nacional [&hellip;]<\/p>\n","protected":false},"author":2,"featured_media":23839,"comment_status":"closed","ping_status":"open","sticky":false,"template":"","format":"standard","meta":{"_jetpack_memberships_contains_paid_content":false,"jnews-multi-image_gallery":[],"jnews_single_post":[],"jnews_primary_category":[],"jnews_social_meta":[],"jnews_paywall_metabox":[],"jnews_review":[],"enable_review":"","type":"","name":"","summary":"","brand":"","sku":"","good":[],"bad":[],"score_override":"","override_value":"","rating":[],"price":[],"jnews_override_counter":[],"jnews_post_split":[],"footnotes":""},"categories":[21],"tags":[],"class_list":["post-23840","post","type-post","status-publish","format-standard","has-post-thumbnail","hentry","category-nacional"],"jetpack_featured_media_url":"https:\/\/laserenaradio.cl\/web\/wp-content\/uploads\/2026\/02\/mediapiaiextstaticimg_webpSismoPichidangui_1-2.webp","jetpack_sharing_enabled":true,"_links":{"self":[{"href":"https:\/\/laserenaradio.cl\/web\/wp-json\/wp\/v2\/posts\/23840","targetHints":{"allow":["GET"]}}],"collection":[{"href":"https:\/\/laserenaradio.cl\/web\/wp-json\/wp\/v2\/posts"}],"about":[{"href":"https:\/\/laserenaradio.cl\/web\/wp-json\/wp\/v2\/types\/post"}],"author":[{"embeddable":true,"href":"https:\/\/laserenaradio.cl\/web\/wp-json\/wp\/v2\/users\/2"}],"replies":[{"embeddable":true,"href":"https:\/\/laserenaradio.cl\/web\/wp-json\/wp\/v2\/comments?post=23840"}],"version-history":[{"count":1,"href":"https:\/\/laserenaradio.cl\/web\/wp-json\/wp\/v2\/posts\/23840\/revisions"}],"predecessor-version":[{"id":23841,"href":"https:\/\/laserenaradio.cl\/web\/wp-json\/wp\/v2\/posts\/23840\/revisions\/23841"}],"wp:featuredmedia":[{"embeddable":true,"href":"https:\/\/laserenaradio.cl\/web\/wp-json\/wp\/v2\/media\/23839"}],"wp:attachment":[{"href":"https:\/\/laserenaradio.cl\/web\/wp-json\/wp\/v2\/media?parent=23840"}],"wp:term":[{"taxonomy":"category","embeddable":true,"href":"https:\/\/laserenaradio.cl\/web\/wp-json\/wp\/v2\/categories?post=23840"},{"taxonomy":"post_tag","embeddable":true,"href":"https:\/\/laserenaradio.cl\/web\/wp-json\/wp\/v2\/tags?post=23840"}],"curies":[{"name":"wp","href":"https:\/\/api.w.org\/{rel}","templated":true}]}}