{"id":23829,"date":"2026-02-16T21:03:16","date_gmt":"2026-02-17T00:03:16","guid":{"rendered":"https:\/\/laserenaradio.cl\/web\/?p=23829"},"modified":"2026-02-16T21:03:16","modified_gmt":"2026-02-17T00:03:16","slug":"homicidio-en-san-ramon-por-apunaladas","status":"publish","type":"post","link":"https:\/\/laserenaradio.cl\/web\/2026\/02\/16\/homicidio-en-san-ramon-por-apunaladas\/","title":{"rendered":"Homicidio en San Ram\u00f3n por apu\u00f1aladas"},"content":{"rendered":"<p>En la tarde de este lunes ocurri\u00f3 un homicidio en San Ram\u00f3n, comuna donde en calle Mirador un individuo agredi\u00f3 a un hombre por presuntos celos. La v\u00edctima result\u00f3 gravemente herida al recibir alrededor de diez apu\u00f1alamientos con una arma blanca.<\/p>\n<p>Seg\u00fan informaci\u00f3n policial, el agresor acudi\u00f3 al domicilio junto a su expareja, donde la violencia se desat\u00f3. <a href=\"https:\/\/www.carabineros.cl\/\">Carabineros<\/a> mencion\u00f3 que no exist\u00edan denuncias previas de violencia intrafamiliar relacionadas con este caso.<\/p>\n<p>La v\u00edctima fue atendida por personal del SAMU y trasladada al Hospital Padre Hurtado, donde falleci\u00f3 a las 16:00 horas debido a las lesiones. <\/p>\n<p>El capit\u00e1n Marcelo Fredes, comisario subrogante de la 31\u00b0 Comisar\u00eda de San Ram\u00f3n, indic\u00f3 que testigos reportaron ver c\u00f3mo el sujeto lleg\u00f3 gritando al inmueble y comenz\u00f3 a atacar a su pareja. El presunto autor del delito se encuentra pr\u00f3fugo; por lo tanto, se est\u00e1n realizando diligencias para dar con su paradero.<\/p>\n","protected":false},"excerpt":{"rendered":"<p>En la tarde de este lunes ocurri\u00f3 un homicidio en San Ram\u00f3n, comuna donde en calle Mirador un individuo agredi\u00f3 a un hombre por presuntos celos. La v\u00edctima result\u00f3 gravemente herida al recibir alrededor de diez apu\u00f1alamientos con una arma blanca. Seg\u00fan informaci\u00f3n policial, el agresor acudi\u00f3 al domicilio junto a su expareja, donde la [&hellip;]<\/p>\n","protected":false},"author":2,"featured_media":23828,"comment_status":"closed","ping_status":"open","sticky":false,"template":"","format":"standard","meta":{"_jetpack_memberships_contains_paid_content":false,"jnews-multi-image_gallery":[],"jnews_single_post":[],"jnews_primary_category":[],"jnews_social_meta":[],"jnews_paywall_metabox":[],"jnews_review":[],"enable_review":"","type":"","name":"","summary":"","brand":"","sku":"","good":[],"bad":[],"score_override":"","override_value":"","rating":[],"price":[],"jnews_override_counter":[],"jnews_post_split":[],"footnotes":""},"categories":[21],"tags":[],"class_list":["post-23829","post","type-post","status-publish","format-standard","has-post-thumbnail","hentry","category-nacional"],"jetpack_featured_media_url":"https:\/\/laserenaradio.cl\/web\/wp-content\/uploads\/2026\/02\/mediapiaiextstaticimg_webpHomicidioSan_1.webp","jetpack_sharing_enabled":true,"_links":{"self":[{"href":"https:\/\/laserenaradio.cl\/web\/wp-json\/wp\/v2\/posts\/23829","targetHints":{"allow":["GET"]}}],"collection":[{"href":"https:\/\/laserenaradio.cl\/web\/wp-json\/wp\/v2\/posts"}],"about":[{"href":"https:\/\/laserenaradio.cl\/web\/wp-json\/wp\/v2\/types\/post"}],"author":[{"embeddable":true,"href":"https:\/\/laserenaradio.cl\/web\/wp-json\/wp\/v2\/users\/2"}],"replies":[{"embeddable":true,"href":"https:\/\/laserenaradio.cl\/web\/wp-json\/wp\/v2\/comments?post=23829"}],"version-history":[{"count":1,"href":"https:\/\/laserenaradio.cl\/web\/wp-json\/wp\/v2\/posts\/23829\/revisions"}],"predecessor-version":[{"id":23830,"href":"https:\/\/laserenaradio.cl\/web\/wp-json\/wp\/v2\/posts\/23829\/revisions\/23830"}],"wp:featuredmedia":[{"embeddable":true,"href":"https:\/\/laserenaradio.cl\/web\/wp-json\/wp\/v2\/media\/23828"}],"wp:attachment":[{"href":"https:\/\/laserenaradio.cl\/web\/wp-json\/wp\/v2\/media?parent=23829"}],"wp:term":[{"taxonomy":"category","embeddable":true,"href":"https:\/\/laserenaradio.cl\/web\/wp-json\/wp\/v2\/categories?post=23829"},{"taxonomy":"post_tag","embeddable":true,"href":"https:\/\/laserenaradio.cl\/web\/wp-json\/wp\/v2\/tags?post=23829"}],"curies":[{"name":"wp","href":"https:\/\/api.w.org\/{rel}","templated":true}]}}