{"id":23826,"date":"2026-02-16T20:59:48","date_gmt":"2026-02-16T23:59:48","guid":{"rendered":"https:\/\/laserenaradio.cl\/web\/?p=23826"},"modified":"2026-02-16T20:59:48","modified_gmt":"2026-02-16T23:59:48","slug":"corte-de-suministro-electrico-afecta-a-12076-clientes-en-rio-claro","status":"publish","type":"post","link":"https:\/\/laserenaradio.cl\/web\/2026\/02\/16\/corte-de-suministro-electrico-afecta-a-12076-clientes-en-rio-claro\/","title":{"rendered":"Corte de suministro el\u00e9ctrico afecta a 12076 clientes en R\u00edo Claro"},"content":{"rendered":"<p>Se ha reportado un corte de energ\u00eda de emergencia en la comuna de R\u00edo Claro.<\/p>\n<p>Seg\u00fan la informaci\u00f3n proporcionada por CGE, el incidente afecta actualmente a 12076 clientes.<\/p>\n<p>La zona afectada comprende los sectores de: Ruta K-125, El Bolsico, R\u00edo Claro, Provincia de Talca, Regi\u00f3n del Maule, Chile<\/p>\n<p>Detalle t\u00e9cnico: Clientes afectados: 12076<br \/>Restauraci&#243;n estimada: 16\/02\/2026 23:00 hrs<\/p>\n<p>Recomendaciones<\/p>\n<p>Mantenga sus dispositivos cargados y evite abrir refrigeradores innecesariamente para conservar el fr\u00edo.<\/p>\n","protected":false},"excerpt":{"rendered":"<p>Se ha reportado un corte de energ\u00eda de emergencia en la comuna de R\u00edo Claro. Seg\u00fan la informaci\u00f3n proporcionada por CGE, el incidente afecta actualmente a 12076 clientes. La zona afectada comprende los sectores de: Ruta K-125, El Bolsico, R\u00edo Claro, Provincia de Talca, Regi\u00f3n del Maule, Chile Detalle t\u00e9cnico: Clientes afectados: 12076Restauraci&#243;n estimada: 16\/02\/2026 [&hellip;]<\/p>\n","protected":false},"author":2,"featured_media":9078,"comment_status":"closed","ping_status":"open","sticky":false,"template":"","format":"standard","meta":{"_jetpack_memberships_contains_paid_content":false,"jnews-multi-image_gallery":[],"jnews_single_post":[],"jnews_primary_category":[],"jnews_social_meta":[],"jnews_paywall_metabox":[],"jnews_review":[],"enable_review":"","type":"","name":"","summary":"","brand":"","sku":"","good":[],"bad":[],"score_override":"","override_value":"","rating":[],"price":[],"jnews_override_counter":[],"jnews_post_split":[],"footnotes":""},"categories":[21],"tags":[],"class_list":["post-23826","post","type-post","status-publish","format-standard","has-post-thumbnail","hentry","category-nacional"],"jetpack_featured_media_url":"https:\/\/laserenaradio.cl\/web\/wp-content\/uploads\/2024\/12\/laserenaradio_ultimo_minuto.webp","jetpack_sharing_enabled":true,"_links":{"self":[{"href":"https:\/\/laserenaradio.cl\/web\/wp-json\/wp\/v2\/posts\/23826","targetHints":{"allow":["GET"]}}],"collection":[{"href":"https:\/\/laserenaradio.cl\/web\/wp-json\/wp\/v2\/posts"}],"about":[{"href":"https:\/\/laserenaradio.cl\/web\/wp-json\/wp\/v2\/types\/post"}],"author":[{"embeddable":true,"href":"https:\/\/laserenaradio.cl\/web\/wp-json\/wp\/v2\/users\/2"}],"replies":[{"embeddable":true,"href":"https:\/\/laserenaradio.cl\/web\/wp-json\/wp\/v2\/comments?post=23826"}],"version-history":[{"count":1,"href":"https:\/\/laserenaradio.cl\/web\/wp-json\/wp\/v2\/posts\/23826\/revisions"}],"predecessor-version":[{"id":23827,"href":"https:\/\/laserenaradio.cl\/web\/wp-json\/wp\/v2\/posts\/23826\/revisions\/23827"}],"wp:featuredmedia":[{"embeddable":true,"href":"https:\/\/laserenaradio.cl\/web\/wp-json\/wp\/v2\/media\/9078"}],"wp:attachment":[{"href":"https:\/\/laserenaradio.cl\/web\/wp-json\/wp\/v2\/media?parent=23826"}],"wp:term":[{"taxonomy":"category","embeddable":true,"href":"https:\/\/laserenaradio.cl\/web\/wp-json\/wp\/v2\/categories?post=23826"},{"taxonomy":"post_tag","embeddable":true,"href":"https:\/\/laserenaradio.cl\/web\/wp-json\/wp\/v2\/tags?post=23826"}],"curies":[{"name":"wp","href":"https:\/\/api.w.org\/{rel}","templated":true}]}}