{"id":23801,"date":"2026-02-16T12:26:47","date_gmt":"2026-02-16T15:26:47","guid":{"rendered":"https:\/\/laserenaradio.cl\/web\/?p=23801"},"modified":"2026-02-16T12:26:47","modified_gmt":"2026-02-16T15:26:47","slug":"boric-visitara-rapa-nui-para-abordar-urgencias-locales-y-mejorar-imagen-del-ejecutivo","status":"publish","type":"post","link":"https:\/\/laserenaradio.cl\/web\/2026\/02\/16\/boric-visitara-rapa-nui-para-abordar-urgencias-locales-y-mejorar-imagen-del-ejecutivo\/","title":{"rendered":"Boric visitar\u00e1 Rapa Nui para abordar urgencias locales y mejorar imagen del Ejecutivo"},"content":{"rendered":"<p>El presidente Gabriel Boric realizar\u00e1 una gira de tres d\u00edas a Rapa Nui, en la Regi\u00f3n de Valpara\u00edso, entre este mi\u00e9rcoles 18 y el viernes 20 de febrero. <\/p>\n<p>Ser\u00e1 su primera visita a la isla en casi cuatro a\u00f1os de mandato y se concretar\u00e1 en un escenario pol\u00edtico particularmente sensible para el Ejecutivo.<\/p>\n<p>El viaje \u2014que se ven\u00eda conversando desde fines de diciembre en el marco del cierre de la agenda presidencial\u2014 tendr\u00e1 como foco abordar urgencias locales, sostener encuentros con habitantes y encabezar ceremonias propias del territorio. <\/p>\n<p>Sin embargo, el aterrizaje del mandatario en la isla ocurre luego de semanas complejas en la relaci\u00f3n con la comunidad rapanui, tras el rechazo al Estatuto Especial para un Gobierno Aut\u00f3nomo propuesto por el Ejecutivo y la destituci\u00f3n de la embajadora de Nueva Zelanda, Manah\u00ed Pakarati por sus dichos sobre la libre determinaci\u00f3n y el autogobierno del pueblo rapanui.<\/p>\n<p>El pasado 3 de febrero, los habitantes de Rapa Nui rechazaron por amplia mayor\u00eda la propuesta de Estatuto Especial impulsada por el gobierno de Boric. Ese d\u00eda, cuestionaron la forma en que el Estado ha conducido el proceso, aunque descartaron que el resultado implique una renuncia a su demanda de autodeterminaci\u00f3n.<\/p>\n<p>El proyecto buscaba dotar a la isla de un gobierno especial y separarla administrativamente de la Regi\u00f3n de Valpara\u00edso, otorg\u00e1ndole mayores atribuciones. <\/p>\n<p>La iniciativa era vista por el Ejecutivo como un avance en el reconocimiento de las particularidades hist\u00f3ricas, culturales y geogr\u00e1ficas del territorio.<\/p>\n<p>No obstante, la ciudadan\u00eda local opt\u00f3 por descartar la propuesta, marcando un rev\u00e9s pol\u00edtico para La Moneda. <\/p>\n<p>A lo anterior se suma la controversia por la salida de la entonces embajadora de Chile en Nueva Zelanda, Manahi Pakarati, de origen rapanui, luego de declaraciones vinculadas a la autodeterminaci\u00f3n del pueblo de la isla.<\/p>\n<p>El canciller Alberto van Klaveren inform\u00f3 en ese entonces que se resolvi\u00f3 \u201cinstruir la adscripci\u00f3n de la embajadora Manahi Pakarati, a partir del 31 de enero, poniendo t\u00e9rmino a su destinaci\u00f3n en Nueva Zelanda y disponi\u00e9ndose su presentaci\u00f3n en el <a href=\"http:\/\/www.minrel.gob.cl\/\">Ministerio de Relaciones Exteriores<\/a>, para cumplir las funciones que se encomendar\u00e1n en su momento\u201d.<\/p>\n<p>La gira a Rapa Nui del presidente Gabriel Boric tambi\u00e9n se inscribe en una estrategia m\u00e1s amplia del mandatario de reforzar su presencia en regiones durante el \u00faltimo tramo de gobierno. En su \u00faltimo consejo de gabinete, Boric asegur\u00f3 que la administraci\u00f3n trabajar\u00e1 \u201chasta el \u00faltimo d\u00eda\u201d y adelant\u00f3 que iniciar\u00e1 el a\u00f1o escolar en el archipi\u00e9lago de Juan Fern\u00e1ndez.<\/p>\n<p>En ese contexto, el viaje a la isla no solo tiene un componente simb\u00f3lico, sino tambi\u00e9n pol\u00edtico: enfrentar de manera directa las tensiones recientes. <\/p>\n<p>La visita marcar\u00e1 un hito \u2014por tratarse de la primera en su mandato\u2014 y ser\u00e1 una prueba sobre la capacidad del Ejecutivo para recomponer confianzas en uno de los territorios m\u00e1s singulares del pa\u00eds.<\/p>\n","protected":false},"excerpt":{"rendered":"<p>El presidente Gabriel Boric realizar\u00e1 una gira de tres d\u00edas a Rapa Nui, en la Regi\u00f3n de Valpara\u00edso, entre este mi\u00e9rcoles 18 y el viernes 20 de febrero. Ser\u00e1 su primera visita a la isla en casi cuatro a\u00f1os de mandato y se concretar\u00e1 en un escenario pol\u00edtico particularmente sensible para el Ejecutivo. El viaje [&hellip;]<\/p>\n","protected":false},"author":2,"featured_media":23800,"comment_status":"closed","ping_status":"open","sticky":false,"template":"","format":"standard","meta":{"_jetpack_memberships_contains_paid_content":false,"jnews-multi-image_gallery":[],"jnews_single_post":[],"jnews_primary_category":[],"jnews_social_meta":[],"jnews_paywall_metabox":[],"jnews_review":[],"enable_review":"","type":"","name":"","summary":"","brand":"","sku":"","good":[],"bad":[],"score_override":"","override_value":"","rating":[],"price":[],"jnews_override_counter":[],"jnews_post_split":[],"footnotes":""},"categories":[21],"tags":[],"class_list":["post-23801","post","type-post","status-publish","format-standard","has-post-thumbnail","hentry","category-nacional"],"jetpack_featured_media_url":"https:\/\/laserenaradio.cl\/web\/wp-content\/uploads\/2026\/02\/mediapiaiextstaticimg_webpBoricRapa_0.webp","jetpack_sharing_enabled":true,"_links":{"self":[{"href":"https:\/\/laserenaradio.cl\/web\/wp-json\/wp\/v2\/posts\/23801","targetHints":{"allow":["GET"]}}],"collection":[{"href":"https:\/\/laserenaradio.cl\/web\/wp-json\/wp\/v2\/posts"}],"about":[{"href":"https:\/\/laserenaradio.cl\/web\/wp-json\/wp\/v2\/types\/post"}],"author":[{"embeddable":true,"href":"https:\/\/laserenaradio.cl\/web\/wp-json\/wp\/v2\/users\/2"}],"replies":[{"embeddable":true,"href":"https:\/\/laserenaradio.cl\/web\/wp-json\/wp\/v2\/comments?post=23801"}],"version-history":[{"count":1,"href":"https:\/\/laserenaradio.cl\/web\/wp-json\/wp\/v2\/posts\/23801\/revisions"}],"predecessor-version":[{"id":23802,"href":"https:\/\/laserenaradio.cl\/web\/wp-json\/wp\/v2\/posts\/23801\/revisions\/23802"}],"wp:featuredmedia":[{"embeddable":true,"href":"https:\/\/laserenaradio.cl\/web\/wp-json\/wp\/v2\/media\/23800"}],"wp:attachment":[{"href":"https:\/\/laserenaradio.cl\/web\/wp-json\/wp\/v2\/media?parent=23801"}],"wp:term":[{"taxonomy":"category","embeddable":true,"href":"https:\/\/laserenaradio.cl\/web\/wp-json\/wp\/v2\/categories?post=23801"},{"taxonomy":"post_tag","embeddable":true,"href":"https:\/\/laserenaradio.cl\/web\/wp-json\/wp\/v2\/tags?post=23801"}],"curies":[{"name":"wp","href":"https:\/\/api.w.org\/{rel}","templated":true}]}}