{"id":23782,"date":"2026-02-16T11:29:26","date_gmt":"2026-02-16T14:29:26","guid":{"rendered":"https:\/\/laserenaradio.cl\/web\/?p=23782"},"modified":"2026-02-16T11:29:26","modified_gmt":"2026-02-16T14:29:26","slug":"corte-de-suministro-electrico-afecta-a-2686-clientes-en-vicuna","status":"publish","type":"post","link":"https:\/\/laserenaradio.cl\/web\/2026\/02\/16\/corte-de-suministro-electrico-afecta-a-2686-clientes-en-vicuna\/","title":{"rendered":"Corte de suministro el\u00e9ctrico afecta a 2686 clientes en Vicu\u00f1a"},"content":{"rendered":"<p>Se ha reportado un corte de energ\u00eda de emergencia en la comuna de Vicu\u00f1a.<\/p>\n<p>Seg\u00fan la informaci\u00f3n proporcionada por CGE, el incidente afecta actualmente a 2686 clientes.<\/p>\n<p>La zona afectada comprende los sectores de: Calingasta, Vicu\u00f1a, Provincia de Elqui, Regi\u00f3n de Coquimbo, 1760000, Chile<\/p>\n<p>Detalle t\u00e9cnico: Clientes afectados: 2686<br \/>Restauraci&#243;n estimada: 16\/02\/2026 12:00 hrs<\/p>\n<p>Recomendaciones<\/p>\n<p>Mantenga sus dispositivos cargados y evite abrir refrigeradores innecesariamente para conservar el fr\u00edo.<\/p>\n","protected":false},"excerpt":{"rendered":"<p>Se ha reportado un corte de energ\u00eda de emergencia en la comuna de Vicu\u00f1a. Seg\u00fan la informaci\u00f3n proporcionada por CGE, el incidente afecta actualmente a 2686 clientes. La zona afectada comprende los sectores de: Calingasta, Vicu\u00f1a, Provincia de Elqui, Regi\u00f3n de Coquimbo, 1760000, Chile Detalle t\u00e9cnico: Clientes afectados: 2686Restauraci&#243;n estimada: 16\/02\/2026 12:00 hrs Recomendaciones Mantenga [&hellip;]<\/p>\n","protected":false},"author":2,"featured_media":23781,"comment_status":"closed","ping_status":"open","sticky":false,"template":"","format":"standard","meta":{"_jetpack_memberships_contains_paid_content":false,"jnews-multi-image_gallery":[],"jnews_single_post":[],"jnews_primary_category":[],"jnews_social_meta":[],"jnews_paywall_metabox":[],"jnews_review":[],"enable_review":"","type":"","name":"","summary":"","brand":"","sku":"","good":[],"bad":[],"score_override":"","override_value":"","rating":[],"price":[],"jnews_override_counter":[],"jnews_post_split":[],"footnotes":""},"categories":[21],"tags":[],"class_list":["post-23782","post","type-post","status-publish","format-standard","has-post-thumbnail","hentry","category-nacional"],"jetpack_featured_media_url":"https:\/\/laserenaradio.cl\/web\/wp-content\/uploads\/2026\/02\/mediapiaiextstaticimg_webpCorteVicuna_0.webp","jetpack_sharing_enabled":true,"_links":{"self":[{"href":"https:\/\/laserenaradio.cl\/web\/wp-json\/wp\/v2\/posts\/23782","targetHints":{"allow":["GET"]}}],"collection":[{"href":"https:\/\/laserenaradio.cl\/web\/wp-json\/wp\/v2\/posts"}],"about":[{"href":"https:\/\/laserenaradio.cl\/web\/wp-json\/wp\/v2\/types\/post"}],"author":[{"embeddable":true,"href":"https:\/\/laserenaradio.cl\/web\/wp-json\/wp\/v2\/users\/2"}],"replies":[{"embeddable":true,"href":"https:\/\/laserenaradio.cl\/web\/wp-json\/wp\/v2\/comments?post=23782"}],"version-history":[{"count":1,"href":"https:\/\/laserenaradio.cl\/web\/wp-json\/wp\/v2\/posts\/23782\/revisions"}],"predecessor-version":[{"id":23783,"href":"https:\/\/laserenaradio.cl\/web\/wp-json\/wp\/v2\/posts\/23782\/revisions\/23783"}],"wp:featuredmedia":[{"embeddable":true,"href":"https:\/\/laserenaradio.cl\/web\/wp-json\/wp\/v2\/media\/23781"}],"wp:attachment":[{"href":"https:\/\/laserenaradio.cl\/web\/wp-json\/wp\/v2\/media?parent=23782"}],"wp:term":[{"taxonomy":"category","embeddable":true,"href":"https:\/\/laserenaradio.cl\/web\/wp-json\/wp\/v2\/categories?post=23782"},{"taxonomy":"post_tag","embeddable":true,"href":"https:\/\/laserenaradio.cl\/web\/wp-json\/wp\/v2\/tags?post=23782"}],"curies":[{"name":"wp","href":"https:\/\/api.w.org\/{rel}","templated":true}]}}