{"id":23774,"date":"2026-02-15T23:58:41","date_gmt":"2026-02-16T02:58:41","guid":{"rendered":"https:\/\/laserenaradio.cl\/web\/?p=23774"},"modified":"2026-02-15T23:58:41","modified_gmt":"2026-02-16T02:58:41","slug":"cicotello-y-los-problemas-de-la-calera-ante-colo-colo","status":"publish","type":"post","link":"https:\/\/laserenaradio.cl\/web\/2026\/02\/15\/cicotello-y-los-problemas-de-la-calera-ante-colo-colo\/","title":{"rendered":"Cicotello y los problemas de La Calera ante Colo Colo."},"content":{"rendered":"<p>El entrenador argentino Mart\u00edn Cicotello explic\u00f3 por qu\u00e9 los Cementeros se vieron con tantos problemas para atacar en el Monumental. El t\u00e9cnico imagin\u00f3 un partido diferente ante Colo Colo, que se llev\u00f3 la victoria con un gol ag\u00f3nico marcado por Rodrigo C\u00e1seres. El defensor aprovech\u00f3 una asistencia de Diego Mart\u00ednez para resolver con plena calma. Fue su segundo gol en la Liga de Primera 2026: tambi\u00e9n le hab\u00eda anotado el descuento a Deportes Limache. Y ahora sirvi\u00f3 para noquear a los Cementeros.<\/p>\n<p>\u201cUn partido duro, parejo, defendimos bastante bien todo el partido,\u201d dijo Mart\u00edn Cicotello en TNT Sports. El argentino a\u00f1adi\u00f3 que \u201ca veces es dif\u00edcil,\u201d reconociendo la dificultad de enfrentarse al dominio albo. Cicotello afront\u00f3 la derrota sobre la hora vs Colo Colo con calma, asegurando que \u201cA m\u00ed no me preocupa.\u201d<\/p>\n<p>El entrenador, quien trabaj\u00f3 como asistente para el cuerpo t\u00e9cnico de Frank Kudelka, dio m\u00e1s detalles en torno a eso. Mart\u00edn Cicotello, alentando a Camilo Moya, trat\u00f3 de mantener la calma ante la denuncia contra La Calera.<\/p>\n<p>En cancha, La Calera super\u00f3 por 1-0 a los Cementeros con un gol de cabeza del defensor argentino Rodrigo C\u00e1seres. \u201cNo me preocupa,\u201d sentenci\u00f3 el entrenador tras la derrota frente a Colo Colo.<\/p>\n<p>Los Cementeros deben preparar el duelo ante Deportes Antofagasta, que se jugar\u00e1 el 20 de febrero en el estadio Nicol\u00e1s Chahu\u00e1n Nazar a contar de las 18 horas. Los Diablos Rojos llegar\u00e1n valientes tras su triunfo en Chill\u00e1n.<\/p>\n<p>Uni\u00f3n La Calera suma seis puntos al cabo de tres fechas en la tabla de posiciones de la Liga de Primera 2026.<\/p>\n","protected":false},"excerpt":{"rendered":"<p>El entrenador argentino Mart\u00edn Cicotello explic\u00f3 por qu\u00e9 los Cementeros se vieron con tantos problemas para atacar en el Monumental. El t\u00e9cnico imagin\u00f3 un partido diferente ante Colo Colo, que se llev\u00f3 la victoria con un gol ag\u00f3nico marcado por Rodrigo C\u00e1seres. El defensor aprovech\u00f3 una asistencia de Diego Mart\u00ednez para resolver con plena calma. [&hellip;]<\/p>\n","protected":false},"author":2,"featured_media":23773,"comment_status":"closed","ping_status":"open","sticky":false,"template":"","format":"standard","meta":{"_jetpack_memberships_contains_paid_content":false,"jnews-multi-image_gallery":[],"jnews_single_post":[],"jnews_primary_category":[],"jnews_social_meta":[],"jnews_paywall_metabox":[],"jnews_review":[],"enable_review":"","type":"","name":"","summary":"","brand":"","sku":"","good":[],"bad":[],"score_override":"","override_value":"","rating":[],"price":[],"jnews_override_counter":[],"jnews_post_split":[],"footnotes":""},"categories":[21],"tags":[],"class_list":["post-23774","post","type-post","status-publish","format-standard","has-post-thumbnail","hentry","category-nacional"],"jetpack_featured_media_url":"https:\/\/laserenaradio.cl\/web\/wp-content\/uploads\/2026\/02\/mediapiaiextstaticimg_webpCicotelloCaleraCicotelloanteColoColoentrenador_source.webp","jetpack_sharing_enabled":true,"_links":{"self":[{"href":"https:\/\/laserenaradio.cl\/web\/wp-json\/wp\/v2\/posts\/23774","targetHints":{"allow":["GET"]}}],"collection":[{"href":"https:\/\/laserenaradio.cl\/web\/wp-json\/wp\/v2\/posts"}],"about":[{"href":"https:\/\/laserenaradio.cl\/web\/wp-json\/wp\/v2\/types\/post"}],"author":[{"embeddable":true,"href":"https:\/\/laserenaradio.cl\/web\/wp-json\/wp\/v2\/users\/2"}],"replies":[{"embeddable":true,"href":"https:\/\/laserenaradio.cl\/web\/wp-json\/wp\/v2\/comments?post=23774"}],"version-history":[{"count":1,"href":"https:\/\/laserenaradio.cl\/web\/wp-json\/wp\/v2\/posts\/23774\/revisions"}],"predecessor-version":[{"id":23775,"href":"https:\/\/laserenaradio.cl\/web\/wp-json\/wp\/v2\/posts\/23774\/revisions\/23775"}],"wp:featuredmedia":[{"embeddable":true,"href":"https:\/\/laserenaradio.cl\/web\/wp-json\/wp\/v2\/media\/23773"}],"wp:attachment":[{"href":"https:\/\/laserenaradio.cl\/web\/wp-json\/wp\/v2\/media?parent=23774"}],"wp:term":[{"taxonomy":"category","embeddable":true,"href":"https:\/\/laserenaradio.cl\/web\/wp-json\/wp\/v2\/categories?post=23774"},{"taxonomy":"post_tag","embeddable":true,"href":"https:\/\/laserenaradio.cl\/web\/wp-json\/wp\/v2\/tags?post=23774"}],"curies":[{"name":"wp","href":"https:\/\/api.w.org\/{rel}","templated":true}]}}