{"id":23771,"date":"2026-02-15T08:50:01","date_gmt":"2026-02-15T11:50:01","guid":{"rendered":"https:\/\/laserenaradio.cl\/web\/?p=23771"},"modified":"2026-02-15T08:50:01","modified_gmt":"2026-02-15T11:50:01","slug":"incendio-forestal-en-vichuquen-alerta-roja-y-danos-en-viviendas","status":"publish","type":"post","link":"https:\/\/laserenaradio.cl\/web\/2026\/02\/15\/incendio-forestal-en-vichuquen-alerta-roja-y-danos-en-viviendas\/","title":{"rendered":"Incendio forestal en Vichuqu\u00e9n: alerta roja y da\u00f1os en viviendas"},"content":{"rendered":"<p>El Servicio Nacional de Prevenci\u00f3n y Respuesta ante Desastres (<a href=\"http:\/\/www.senapred.cl\">Senapred<\/a>), inform\u00f3 a las 6:45 de esta ma\u00f1ana, la decisi\u00f3n de mantener la categor\u00eda de alerta roja debido al incendio forestal en Vichuqu\u00e9n. Este siniestro, ubicado en la cordillera de Curic\u00f3, ha devastado m\u00e1s de 200 hect\u00e1reas.<\/p>\n<p>Seg\u00fan Radio B\u00edo B\u00edo, hasta el momento los impactos m\u00e1s severos incluyen tres viviendas da\u00f1adas, cuyos da\u00f1os est\u00e1n siendo evaluados. Adem\u00e1s, se reporta un brigadista del Conaf que result\u00f3 herido y fue trasladado por aire para recibir atenci\u00f3n m\u00e9dica inmediata.<\/p>\n<p>El Servicio Nacional de Prevenci\u00f3n y Respuesta ante Desastres (<a href=\"http:\/\/www.senapred.cl\">Senapred<\/a>) mantiene la alerta roja por el incendio forestal en Vichuqu\u00e9n.<\/p>\n","protected":false},"excerpt":{"rendered":"<p>El Servicio Nacional de Prevenci\u00f3n y Respuesta ante Desastres (Senapred), inform\u00f3 a las 6:45 de esta ma\u00f1ana, la decisi\u00f3n de mantener la categor\u00eda de alerta roja debido al incendio forestal en Vichuqu\u00e9n. Este siniestro, ubicado en la cordillera de Curic\u00f3, ha devastado m\u00e1s de 200 hect\u00e1reas. Seg\u00fan Radio B\u00edo B\u00edo, hasta el momento los impactos [&hellip;]<\/p>\n","protected":false},"author":2,"featured_media":23770,"comment_status":"closed","ping_status":"open","sticky":false,"template":"","format":"standard","meta":{"_jetpack_memberships_contains_paid_content":false,"jnews-multi-image_gallery":[],"jnews_single_post":[],"jnews_primary_category":[],"jnews_social_meta":[],"jnews_paywall_metabox":[],"jnews_review":[],"enable_review":"","type":"","name":"","summary":"","brand":"","sku":"","good":[],"bad":[],"score_override":"","override_value":"","rating":[],"price":[],"jnews_override_counter":[],"jnews_post_split":[],"footnotes":""},"categories":[21],"tags":[],"class_list":["post-23771","post","type-post","status-publish","format-standard","has-post-thumbnail","hentry","category-nacional"],"jetpack_featured_media_url":"https:\/\/laserenaradio.cl\/web\/wp-content\/uploads\/2026\/02\/mediapiaiextstaticimg_webpIncendioVichuquen_1.webp","jetpack_sharing_enabled":true,"_links":{"self":[{"href":"https:\/\/laserenaradio.cl\/web\/wp-json\/wp\/v2\/posts\/23771","targetHints":{"allow":["GET"]}}],"collection":[{"href":"https:\/\/laserenaradio.cl\/web\/wp-json\/wp\/v2\/posts"}],"about":[{"href":"https:\/\/laserenaradio.cl\/web\/wp-json\/wp\/v2\/types\/post"}],"author":[{"embeddable":true,"href":"https:\/\/laserenaradio.cl\/web\/wp-json\/wp\/v2\/users\/2"}],"replies":[{"embeddable":true,"href":"https:\/\/laserenaradio.cl\/web\/wp-json\/wp\/v2\/comments?post=23771"}],"version-history":[{"count":1,"href":"https:\/\/laserenaradio.cl\/web\/wp-json\/wp\/v2\/posts\/23771\/revisions"}],"predecessor-version":[{"id":23772,"href":"https:\/\/laserenaradio.cl\/web\/wp-json\/wp\/v2\/posts\/23771\/revisions\/23772"}],"wp:featuredmedia":[{"embeddable":true,"href":"https:\/\/laserenaradio.cl\/web\/wp-json\/wp\/v2\/media\/23770"}],"wp:attachment":[{"href":"https:\/\/laserenaradio.cl\/web\/wp-json\/wp\/v2\/media?parent=23771"}],"wp:term":[{"taxonomy":"category","embeddable":true,"href":"https:\/\/laserenaradio.cl\/web\/wp-json\/wp\/v2\/categories?post=23771"},{"taxonomy":"post_tag","embeddable":true,"href":"https:\/\/laserenaradio.cl\/web\/wp-json\/wp\/v2\/tags?post=23771"}],"curies":[{"name":"wp","href":"https:\/\/api.w.org\/{rel}","templated":true}]}}