{"id":23768,"date":"2026-02-15T08:48:50","date_gmt":"2026-02-15T11:48:50","guid":{"rendered":"https:\/\/laserenaradio.cl\/web\/?p=23768"},"modified":"2026-02-15T08:48:50","modified_gmt":"2026-02-15T11:48:50","slug":"tres-personas-capturadas-por-secuestro-y-tortura-en-la-granja","status":"publish","type":"post","link":"https:\/\/laserenaradio.cl\/web\/2026\/02\/15\/tres-personas-capturadas-por-secuestro-y-tortura-en-la-granja\/","title":{"rendered":"Tres personas capturadas por secuestro y tortura en La Granja"},"content":{"rendered":"<p>Tres personas chilenas, incluyendo un menor, fueron aprehendidas por el secuestro de un hombre en La Granja, ocurrido en agosto de 2025.<\/p>\n<p>Estos individuos, que forman parte del mismo clan familiar, secuestraron a una v\u00edctima de 31 a\u00f1os. En el domicilio de uno de ellos, la persona desaparecida fue torturada y golpeada con objetos contundentes durante aproximadamente una hora antes de ser liberada en La Pintana.<\/p>\n<p>La victima result\u00f3 con lesiones graves y tuvo que ser hospitalizada. Seg\u00fan declaraciones del subprefecto Claudio Caro, la detenci\u00f3n se realiz\u00f3 en colaboraci\u00f3n con la <a href=\"https:\/\/www.fiscaliadechile.cl\/\">Fiscal\u00eda<\/a> Regional Metropolitana Sur.<\/p>\n<p>En el domicilio de los sospechosos tambi\u00e9n fue encontrada una arma adaptada artesanalmente para realizar disparos, que fue incautada y puesta a disposici\u00f3n del Ministerio P\u00fablico.<\/p>\n<p>Los dos adultos imputados quedaron en prisi\u00f3n preventiva, mientras que la situaci\u00f3n legal del menor se encuentra pendiente de decisi\u00f3n de la Corte de Apelaciones de San Miguel.<\/p>\n","protected":false},"excerpt":{"rendered":"<p>Tres personas chilenas, incluyendo un menor, fueron aprehendidas por el secuestro de un hombre en La Granja, ocurrido en agosto de 2025. Estos individuos, que forman parte del mismo clan familiar, secuestraron a una v\u00edctima de 31 a\u00f1os. En el domicilio de uno de ellos, la persona desaparecida fue torturada y golpeada con objetos contundentes [&hellip;]<\/p>\n","protected":false},"author":2,"featured_media":23767,"comment_status":"closed","ping_status":"open","sticky":false,"template":"","format":"standard","meta":{"_jetpack_memberships_contains_paid_content":false,"jnews-multi-image_gallery":[],"jnews_single_post":[],"jnews_primary_category":[],"jnews_social_meta":[],"jnews_paywall_metabox":[],"jnews_review":[],"enable_review":"","type":"","name":"","summary":"","brand":"","sku":"","good":[],"bad":[],"score_override":"","override_value":"","rating":[],"price":[],"jnews_override_counter":[],"jnews_post_split":[],"footnotes":""},"categories":[21],"tags":[],"class_list":["post-23768","post","type-post","status-publish","format-standard","has-post-thumbnail","hentry","category-nacional"],"jetpack_featured_media_url":"https:\/\/laserenaradio.cl\/web\/wp-content\/uploads\/2026\/02\/mediapiaiextstaticimg_webpTrespersonasmenorsecuestro_0.webp","jetpack_sharing_enabled":true,"_links":{"self":[{"href":"https:\/\/laserenaradio.cl\/web\/wp-json\/wp\/v2\/posts\/23768","targetHints":{"allow":["GET"]}}],"collection":[{"href":"https:\/\/laserenaradio.cl\/web\/wp-json\/wp\/v2\/posts"}],"about":[{"href":"https:\/\/laserenaradio.cl\/web\/wp-json\/wp\/v2\/types\/post"}],"author":[{"embeddable":true,"href":"https:\/\/laserenaradio.cl\/web\/wp-json\/wp\/v2\/users\/2"}],"replies":[{"embeddable":true,"href":"https:\/\/laserenaradio.cl\/web\/wp-json\/wp\/v2\/comments?post=23768"}],"version-history":[{"count":1,"href":"https:\/\/laserenaradio.cl\/web\/wp-json\/wp\/v2\/posts\/23768\/revisions"}],"predecessor-version":[{"id":23769,"href":"https:\/\/laserenaradio.cl\/web\/wp-json\/wp\/v2\/posts\/23768\/revisions\/23769"}],"wp:featuredmedia":[{"embeddable":true,"href":"https:\/\/laserenaradio.cl\/web\/wp-json\/wp\/v2\/media\/23767"}],"wp:attachment":[{"href":"https:\/\/laserenaradio.cl\/web\/wp-json\/wp\/v2\/media?parent=23768"}],"wp:term":[{"taxonomy":"category","embeddable":true,"href":"https:\/\/laserenaradio.cl\/web\/wp-json\/wp\/v2\/categories?post=23768"},{"taxonomy":"post_tag","embeddable":true,"href":"https:\/\/laserenaradio.cl\/web\/wp-json\/wp\/v2\/tags?post=23768"}],"curies":[{"name":"wp","href":"https:\/\/api.w.org\/{rel}","templated":true}]}}