{"id":23762,"date":"2026-02-15T08:45:53","date_gmt":"2026-02-15T11:45:53","guid":{"rendered":"https:\/\/laserenaradio.cl\/web\/?p=23762"},"modified":"2026-02-15T08:45:53","modified_gmt":"2026-02-15T11:45:53","slug":"corte-de-suministro-electrico-afecta-a-2859-clientes-en-illapel","status":"publish","type":"post","link":"https:\/\/laserenaradio.cl\/web\/2026\/02\/15\/corte-de-suministro-electrico-afecta-a-2859-clientes-en-illapel\/","title":{"rendered":"Corte de suministro el\u00e9ctrico afecta a 2859 clientes en Illapel"},"content":{"rendered":"<p>Se ha reportado un corte de energ\u00eda de emergencia en la comuna de Illapel.<\/p>\n<p>Seg\u00fan la informaci\u00f3n proporcionada por CGE, el incidente afecta actualmente a 2859 clientes.<\/p>\n<p>La zona afectada comprende los sectores de: Ruta D-855, Lanco, Illapel, Provincia de Choapa, Regi\u00f3n de Coquimbo, Chile<\/p>\n<p>Detalle t\u00e9cnico: Clientes afectados: 2859<br \/>Restauraci&#243;n estimada: 15\/02\/2026 16:00 hrs<\/p>\n<p>Recomendaciones<\/p>\n<p>Mantenga sus dispositivos cargados y evite abrir refrigeradores innecesariamente para conservar el fr\u00edo.<\/p>\n","protected":false},"excerpt":{"rendered":"<p>Se ha reportado un corte de energ\u00eda de emergencia en la comuna de Illapel. Seg\u00fan la informaci\u00f3n proporcionada por CGE, el incidente afecta actualmente a 2859 clientes. La zona afectada comprende los sectores de: Ruta D-855, Lanco, Illapel, Provincia de Choapa, Regi\u00f3n de Coquimbo, Chile Detalle t\u00e9cnico: Clientes afectados: 2859Restauraci&#243;n estimada: 15\/02\/2026 16:00 hrs Recomendaciones [&hellip;]<\/p>\n","protected":false},"author":2,"featured_media":23761,"comment_status":"closed","ping_status":"open","sticky":false,"template":"","format":"standard","meta":{"_jetpack_memberships_contains_paid_content":false,"jnews-multi-image_gallery":[],"jnews_single_post":[],"jnews_primary_category":[],"jnews_social_meta":[],"jnews_paywall_metabox":[],"jnews_review":[],"enable_review":"","type":"","name":"","summary":"","brand":"","sku":"","good":[],"bad":[],"score_override":"","override_value":"","rating":[],"price":[],"jnews_override_counter":[],"jnews_post_split":[],"footnotes":""},"categories":[21],"tags":[],"class_list":["post-23762","post","type-post","status-publish","format-standard","has-post-thumbnail","hentry","category-nacional"],"jetpack_featured_media_url":"https:\/\/laserenaradio.cl\/web\/wp-content\/uploads\/2026\/02\/mediapiaiextstaticimg_cgecorte_cge_31785357114051.webp","jetpack_sharing_enabled":true,"_links":{"self":[{"href":"https:\/\/laserenaradio.cl\/web\/wp-json\/wp\/v2\/posts\/23762","targetHints":{"allow":["GET"]}}],"collection":[{"href":"https:\/\/laserenaradio.cl\/web\/wp-json\/wp\/v2\/posts"}],"about":[{"href":"https:\/\/laserenaradio.cl\/web\/wp-json\/wp\/v2\/types\/post"}],"author":[{"embeddable":true,"href":"https:\/\/laserenaradio.cl\/web\/wp-json\/wp\/v2\/users\/2"}],"replies":[{"embeddable":true,"href":"https:\/\/laserenaradio.cl\/web\/wp-json\/wp\/v2\/comments?post=23762"}],"version-history":[{"count":1,"href":"https:\/\/laserenaradio.cl\/web\/wp-json\/wp\/v2\/posts\/23762\/revisions"}],"predecessor-version":[{"id":23763,"href":"https:\/\/laserenaradio.cl\/web\/wp-json\/wp\/v2\/posts\/23762\/revisions\/23763"}],"wp:featuredmedia":[{"embeddable":true,"href":"https:\/\/laserenaradio.cl\/web\/wp-json\/wp\/v2\/media\/23761"}],"wp:attachment":[{"href":"https:\/\/laserenaradio.cl\/web\/wp-json\/wp\/v2\/media?parent=23762"}],"wp:term":[{"taxonomy":"category","embeddable":true,"href":"https:\/\/laserenaradio.cl\/web\/wp-json\/wp\/v2\/categories?post=23762"},{"taxonomy":"post_tag","embeddable":true,"href":"https:\/\/laserenaradio.cl\/web\/wp-json\/wp\/v2\/tags?post=23762"}],"curies":[{"name":"wp","href":"https:\/\/api.w.org\/{rel}","templated":true}]}}