{"id":23756,"date":"2026-02-14T17:25:35","date_gmt":"2026-02-14T20:25:35","guid":{"rendered":"https:\/\/laserenaradio.cl\/web\/?p=23756"},"modified":"2026-02-14T17:25:35","modified_gmt":"2026-02-14T20:25:35","slug":"alerta-roja-por-incendio-en-melipilla","status":"publish","type":"post","link":"https:\/\/laserenaradio.cl\/web\/2026\/02\/14\/alerta-roja-por-incendio-en-melipilla\/","title":{"rendered":"Alerta Roja por incendio en Melipilla"},"content":{"rendered":"<p>Por medio de un comunicado, el Servicio Nacional de Prevenci\u00f3n y Respuesta ante Desastres (<a href=\"http:\/\/www.senapred.cl\">Senapred<\/a>) decidi\u00f3 decretar la Alerta Roja para Melipilla, en la regi\u00f3n Metropolitana. Este incendio &#8220;Las Tinajas&#8221; sigue amenazando lugares residenciales. Cuerpos de <a href=\"https:\/\/www.bomberos.cl\/\">Bomberos<\/a> de Maip\u00fa, Melipilla y Mar\u00eda Pinto trabajan en conjunto con brigadistas de Conaf y otros equipos para contener las llamas. Hasta el momento, el fuego ha afectado m\u00e1s de 3 hect\u00e1reas.<\/p>\n","protected":false},"excerpt":{"rendered":"<p>Por medio de un comunicado, el Servicio Nacional de Prevenci\u00f3n y Respuesta ante Desastres (Senapred) decidi\u00f3 decretar la Alerta Roja para Melipilla, en la regi\u00f3n Metropolitana. Este incendio &#8220;Las Tinajas&#8221; sigue amenazando lugares residenciales. Cuerpos de Bomberos de Maip\u00fa, Melipilla y Mar\u00eda Pinto trabajan en conjunto con brigadistas de Conaf y otros equipos para contener [&hellip;]<\/p>\n","protected":false},"author":2,"featured_media":23755,"comment_status":"closed","ping_status":"open","sticky":false,"template":"","format":"standard","meta":{"_jetpack_memberships_contains_paid_content":false,"jnews-multi-image_gallery":[],"jnews_single_post":[],"jnews_primary_category":[],"jnews_social_meta":[],"jnews_paywall_metabox":[],"jnews_review":[],"enable_review":"","type":"","name":"","summary":"","brand":"","sku":"","good":[],"bad":[],"score_override":"","override_value":"","rating":[],"price":[],"jnews_override_counter":[],"jnews_post_split":[],"footnotes":""},"categories":[21],"tags":[],"class_list":["post-23756","post","type-post","status-publish","format-standard","has-post-thumbnail","hentry","category-nacional"],"jetpack_featured_media_url":"https:\/\/laserenaradio.cl\/web\/wp-content\/uploads\/2026\/02\/mediapiaiextstaticimg_webpincendioAlertaRojaLituecheforestal_1.webp","jetpack_sharing_enabled":true,"_links":{"self":[{"href":"https:\/\/laserenaradio.cl\/web\/wp-json\/wp\/v2\/posts\/23756","targetHints":{"allow":["GET"]}}],"collection":[{"href":"https:\/\/laserenaradio.cl\/web\/wp-json\/wp\/v2\/posts"}],"about":[{"href":"https:\/\/laserenaradio.cl\/web\/wp-json\/wp\/v2\/types\/post"}],"author":[{"embeddable":true,"href":"https:\/\/laserenaradio.cl\/web\/wp-json\/wp\/v2\/users\/2"}],"replies":[{"embeddable":true,"href":"https:\/\/laserenaradio.cl\/web\/wp-json\/wp\/v2\/comments?post=23756"}],"version-history":[{"count":1,"href":"https:\/\/laserenaradio.cl\/web\/wp-json\/wp\/v2\/posts\/23756\/revisions"}],"predecessor-version":[{"id":23757,"href":"https:\/\/laserenaradio.cl\/web\/wp-json\/wp\/v2\/posts\/23756\/revisions\/23757"}],"wp:featuredmedia":[{"embeddable":true,"href":"https:\/\/laserenaradio.cl\/web\/wp-json\/wp\/v2\/media\/23755"}],"wp:attachment":[{"href":"https:\/\/laserenaradio.cl\/web\/wp-json\/wp\/v2\/media?parent=23756"}],"wp:term":[{"taxonomy":"category","embeddable":true,"href":"https:\/\/laserenaradio.cl\/web\/wp-json\/wp\/v2\/categories?post=23756"},{"taxonomy":"post_tag","embeddable":true,"href":"https:\/\/laserenaradio.cl\/web\/wp-json\/wp\/v2\/tags?post=23756"}],"curies":[{"name":"wp","href":"https:\/\/api.w.org\/{rel}","templated":true}]}}