{"id":23750,"date":"2026-02-14T16:03:50","date_gmt":"2026-02-14T19:03:50","guid":{"rendered":"https:\/\/laserenaradio.cl\/web\/?p=23750"},"modified":"2026-02-14T16:03:50","modified_gmt":"2026-02-14T19:03:50","slug":"hallazgo-de-cuerpo-femenino-flotando-en-bahia-de-san-antonio","status":"publish","type":"post","link":"https:\/\/laserenaradio.cl\/web\/2026\/02\/14\/hallazgo-de-cuerpo-femenino-flotando-en-bahia-de-san-antonio\/","title":{"rendered":"Hallazgo de cuerpo femenino flotando en bah\u00eda de San Antonio"},"content":{"rendered":"<p>La ma\u00f1ana de este s\u00e1bado, la <a href=\"https:\/\/www.armada.cl\/\">Armada de Chile<\/a> constat\u00f3 un cuerpo flotando en la bah\u00eda de San Antonio, regi\u00f3n de Valpara\u00edso, aparentemente de una mujer. El capit\u00e1n del Puerto de San Antonio, Roberto Asensio, inform\u00f3 que recibieron un llamado al n\u00famero de emergencia mar\u00edtima 137 sobre una persona flotando en el mar.<\/p>\n<p>Asensio explic\u00f3 que la Autoridad Mar\u00edtima dispuso inmediatamente el despliegue de medios policiales y un bote de goma para verificar la situaci\u00f3n. En el lugar, personal de la Armada constat\u00f3 la presencia del cuerpo sin signos vitales, presumiblemente correspondiente a una persona femenina.<\/p>\n<p>Se procedi\u00f3 entonces a resguardar el sitio seg\u00fan protocolos establecidos e informar al fiscal de turno. Este dispuso que se tomaran los procedimientos necesarios por parte de la Polic\u00eda de Investigaciones (<a href=\"https:\/\/www.pdichile.cl\/\">PDI<\/a>).<\/p>\n","protected":false},"excerpt":{"rendered":"<p>La ma\u00f1ana de este s\u00e1bado, la Armada de Chile constat\u00f3 un cuerpo flotando en la bah\u00eda de San Antonio, regi\u00f3n de Valpara\u00edso, aparentemente de una mujer. El capit\u00e1n del Puerto de San Antonio, Roberto Asensio, inform\u00f3 que recibieron un llamado al n\u00famero de emergencia mar\u00edtima 137 sobre una persona flotando en el mar. Asensio explic\u00f3 [&hellip;]<\/p>\n","protected":false},"author":2,"featured_media":23749,"comment_status":"closed","ping_status":"open","sticky":false,"template":"","format":"standard","meta":{"_jetpack_memberships_contains_paid_content":false,"jnews-multi-image_gallery":[],"jnews_single_post":[],"jnews_primary_category":[],"jnews_social_meta":[],"jnews_paywall_metabox":[],"jnews_review":[],"enable_review":"","type":"","name":"","summary":"","brand":"","sku":"","good":[],"bad":[],"score_override":"","override_value":"","rating":[],"price":[],"jnews_override_counter":[],"jnews_post_split":[],"footnotes":""},"categories":[21],"tags":[],"class_list":["post-23750","post","type-post","status-publish","format-standard","has-post-thumbnail","hentry","category-nacional"],"jetpack_featured_media_url":"https:\/\/laserenaradio.cl\/web\/wp-content\/uploads\/2026\/02\/mediapiaiextstaticimg_webppolicialAntofagastapdichilehallazgo_1.webp","jetpack_sharing_enabled":true,"_links":{"self":[{"href":"https:\/\/laserenaradio.cl\/web\/wp-json\/wp\/v2\/posts\/23750","targetHints":{"allow":["GET"]}}],"collection":[{"href":"https:\/\/laserenaradio.cl\/web\/wp-json\/wp\/v2\/posts"}],"about":[{"href":"https:\/\/laserenaradio.cl\/web\/wp-json\/wp\/v2\/types\/post"}],"author":[{"embeddable":true,"href":"https:\/\/laserenaradio.cl\/web\/wp-json\/wp\/v2\/users\/2"}],"replies":[{"embeddable":true,"href":"https:\/\/laserenaradio.cl\/web\/wp-json\/wp\/v2\/comments?post=23750"}],"version-history":[{"count":1,"href":"https:\/\/laserenaradio.cl\/web\/wp-json\/wp\/v2\/posts\/23750\/revisions"}],"predecessor-version":[{"id":23751,"href":"https:\/\/laserenaradio.cl\/web\/wp-json\/wp\/v2\/posts\/23750\/revisions\/23751"}],"wp:featuredmedia":[{"embeddable":true,"href":"https:\/\/laserenaradio.cl\/web\/wp-json\/wp\/v2\/media\/23749"}],"wp:attachment":[{"href":"https:\/\/laserenaradio.cl\/web\/wp-json\/wp\/v2\/media?parent=23750"}],"wp:term":[{"taxonomy":"category","embeddable":true,"href":"https:\/\/laserenaradio.cl\/web\/wp-json\/wp\/v2\/categories?post=23750"},{"taxonomy":"post_tag","embeddable":true,"href":"https:\/\/laserenaradio.cl\/web\/wp-json\/wp\/v2\/tags?post=23750"}],"curies":[{"name":"wp","href":"https:\/\/api.w.org\/{rel}","templated":true}]}}