{"id":23724,"date":"2026-02-13T21:39:08","date_gmt":"2026-02-14T00:39:08","guid":{"rendered":"https:\/\/laserenaradio.cl\/web\/?p=23724"},"modified":"2026-02-13T21:39:08","modified_gmt":"2026-02-14T00:39:08","slug":"emiten-una-alerta-por-viento-moderado-a-fuerte-en-zonas-de-la-region-de-valparaiso","status":"publish","type":"post","link":"https:\/\/laserenaradio.cl\/web\/2026\/02\/13\/emiten-una-alerta-por-viento-moderado-a-fuerte-en-zonas-de-la-region-de-valparaiso\/","title":{"rendered":"Emiten una Alerta por Viento Moderado a Fuerte en zonas de la regi\u00f3n de Valpara\u00edso"},"content":{"rendered":"<p>Desde la Direcci\u00f3n Meteorol\u00f3gica de Chile (DMC), emitieron la Alerta AA41\/2026 por Viento debido a la condici\u00f3n sin\u00f3ptica Alta presi\u00f3n fr\u00eda.<\/p>\n<p>La <a href=\"http:\/\/www.meteochile.gob.cl\/PortalDMC-web\/index.xhtml\" rel=\"nofollow\">Direcci\u00f3n Meteorol\u00f3gica de Chile<\/a>, indica que este fen\u00f3meno se encontrar\u00e1 vigente desde <strong>la noche del viernes 13 de febrero del 2026<\/strong> y hasta <strong>la madrugada del s\u00e1bado 14 de febrero del 2026<\/strong>.<\/p>\n<p>Las zonas afectadas por la condici\u00f3n ser\u00edan: Valpara\u00edso (Litoral, Cordillera Costa)<\/p>\n<p>Debido a esta condici\u00f3n, se llama a tener precauci\u00f3n por la Alerta vigente por Viento Moderado a Fuerte en zonas de la regi\u00f3n de Valpara\u00edso.<\/p>\n","protected":false},"excerpt":{"rendered":"<p>Desde la Direcci\u00f3n Meteorol\u00f3gica de Chile (DMC), emitieron la Alerta AA41\/2026 por Viento debido a la condici\u00f3n sin\u00f3ptica Alta presi\u00f3n fr\u00eda. La Direcci\u00f3n Meteorol\u00f3gica de Chile, indica que este fen\u00f3meno se encontrar\u00e1 vigente desde la noche del viernes 13 de febrero del 2026 y hasta la madrugada del s\u00e1bado 14 de febrero del 2026. Las [&hellip;]<\/p>\n","protected":false},"author":2,"featured_media":9078,"comment_status":"closed","ping_status":"open","sticky":false,"template":"","format":"standard","meta":{"_jetpack_memberships_contains_paid_content":false,"jnews-multi-image_gallery":[],"jnews_single_post":[],"jnews_primary_category":[],"jnews_social_meta":[],"jnews_paywall_metabox":[],"jnews_review":[],"enable_review":"","type":"","name":"","summary":"","brand":"","sku":"","good":[],"bad":[],"score_override":"","override_value":"","rating":[],"price":[],"jnews_override_counter":[],"jnews_post_split":[],"footnotes":""},"categories":[21],"tags":[],"class_list":["post-23724","post","type-post","status-publish","format-standard","has-post-thumbnail","hentry","category-nacional"],"jetpack_featured_media_url":"https:\/\/laserenaradio.cl\/web\/wp-content\/uploads\/2024\/12\/laserenaradio_ultimo_minuto.webp","jetpack_sharing_enabled":true,"_links":{"self":[{"href":"https:\/\/laserenaradio.cl\/web\/wp-json\/wp\/v2\/posts\/23724","targetHints":{"allow":["GET"]}}],"collection":[{"href":"https:\/\/laserenaradio.cl\/web\/wp-json\/wp\/v2\/posts"}],"about":[{"href":"https:\/\/laserenaradio.cl\/web\/wp-json\/wp\/v2\/types\/post"}],"author":[{"embeddable":true,"href":"https:\/\/laserenaradio.cl\/web\/wp-json\/wp\/v2\/users\/2"}],"replies":[{"embeddable":true,"href":"https:\/\/laserenaradio.cl\/web\/wp-json\/wp\/v2\/comments?post=23724"}],"version-history":[{"count":1,"href":"https:\/\/laserenaradio.cl\/web\/wp-json\/wp\/v2\/posts\/23724\/revisions"}],"predecessor-version":[{"id":23725,"href":"https:\/\/laserenaradio.cl\/web\/wp-json\/wp\/v2\/posts\/23724\/revisions\/23725"}],"wp:featuredmedia":[{"embeddable":true,"href":"https:\/\/laserenaradio.cl\/web\/wp-json\/wp\/v2\/media\/9078"}],"wp:attachment":[{"href":"https:\/\/laserenaradio.cl\/web\/wp-json\/wp\/v2\/media?parent=23724"}],"wp:term":[{"taxonomy":"category","embeddable":true,"href":"https:\/\/laserenaradio.cl\/web\/wp-json\/wp\/v2\/categories?post=23724"},{"taxonomy":"post_tag","embeddable":true,"href":"https:\/\/laserenaradio.cl\/web\/wp-json\/wp\/v2\/tags?post=23724"}],"curies":[{"name":"wp","href":"https:\/\/api.w.org\/{rel}","templated":true}]}}