{"id":23716,"date":"2026-02-13T20:32:35","date_gmt":"2026-02-13T23:32:35","guid":{"rendered":"https:\/\/laserenaradio.cl\/web\/?p=23716"},"modified":"2026-02-13T20:32:35","modified_gmt":"2026-02-13T23:32:35","slug":"andronico-luksic-denuncia-falsas-publicaciones-en-redes-sociales","status":"publish","type":"post","link":"https:\/\/laserenaradio.cl\/web\/2026\/02\/13\/andronico-luksic-denuncia-falsas-publicaciones-en-redes-sociales\/","title":{"rendered":"Andr\u00f3nico Luksic denuncia falsas publicaciones en redes sociales"},"content":{"rendered":"<p>El empresario Andr\u00f3nico Luksic denuncia la utilizaci\u00f3n fraudulenta de su imagen en estafas de inversi\u00f3n en redes sociales, similar a otras celebridades en televisi\u00f3n y el deporte. En una publicaci\u00f3n en X, Luksic enfatiza: &#8220;Vuelvo a repetir: Yo JAM\u00c1S voy a promocionar plataformas de inversi\u00f3n ni nada similar&#8221;. Acompa\u00f1a su mensaje con una imagen falsa que muestra su apariencia m\u00e1s juvenil. <\/p>\n<p>Destaca: &#8220;Le agradezco a los estafadores que me hagan parecer mucho m\u00e1s joven de lo que soy, pero ese no soy yo!!\u2026 Son videos creados con IA que imitan a medios serios para enga\u00f1ar a las personas&#8221;. Luksic advierte contra estas pr\u00e1cticas fraudulentas.<\/p>\n<p>Vuelvo a repetir: Yo JAM\u00c1S voy a promocionar plataformas de inversi\u00f3n ni nada similar. Le agradezco a los estafadores que me hagan parecer mucho m\u00e1s joven de lo que soy, pero ese no soy yo!!\u2026 Son videos creados con IA que imitan a medios serios para enga\u00f1ar a las personas, por favor no caigan en este tipo de estafas.<\/p>\n","protected":false},"excerpt":{"rendered":"<p>El empresario Andr\u00f3nico Luksic denuncia la utilizaci\u00f3n fraudulenta de su imagen en estafas de inversi\u00f3n en redes sociales, similar a otras celebridades en televisi\u00f3n y el deporte. En una publicaci\u00f3n en X, Luksic enfatiza: &#8220;Vuelvo a repetir: Yo JAM\u00c1S voy a promocionar plataformas de inversi\u00f3n ni nada similar&#8221;. Acompa\u00f1a su mensaje con una imagen falsa [&hellip;]<\/p>\n","protected":false},"author":2,"featured_media":23715,"comment_status":"closed","ping_status":"open","sticky":false,"template":"","format":"standard","meta":{"_jetpack_memberships_contains_paid_content":false,"jnews-multi-image_gallery":[],"jnews_single_post":[],"jnews_primary_category":[],"jnews_social_meta":[],"jnews_paywall_metabox":[],"jnews_review":[],"enable_review":"","type":"","name":"","summary":"","brand":"","sku":"","good":[],"bad":[],"score_override":"","override_value":"","rating":[],"price":[],"jnews_override_counter":[],"jnews_post_split":[],"footnotes":""},"categories":[21],"tags":[],"class_list":["post-23716","post","type-post","status-publish","format-standard","has-post-thumbnail","hentry","category-nacional"],"jetpack_featured_media_url":"https:\/\/laserenaradio.cl\/web\/wp-content\/uploads\/2026\/02\/mediapiaiextstaticimg_webpLuksicMaduro_0.webp","jetpack_sharing_enabled":true,"_links":{"self":[{"href":"https:\/\/laserenaradio.cl\/web\/wp-json\/wp\/v2\/posts\/23716","targetHints":{"allow":["GET"]}}],"collection":[{"href":"https:\/\/laserenaradio.cl\/web\/wp-json\/wp\/v2\/posts"}],"about":[{"href":"https:\/\/laserenaradio.cl\/web\/wp-json\/wp\/v2\/types\/post"}],"author":[{"embeddable":true,"href":"https:\/\/laserenaradio.cl\/web\/wp-json\/wp\/v2\/users\/2"}],"replies":[{"embeddable":true,"href":"https:\/\/laserenaradio.cl\/web\/wp-json\/wp\/v2\/comments?post=23716"}],"version-history":[{"count":1,"href":"https:\/\/laserenaradio.cl\/web\/wp-json\/wp\/v2\/posts\/23716\/revisions"}],"predecessor-version":[{"id":23717,"href":"https:\/\/laserenaradio.cl\/web\/wp-json\/wp\/v2\/posts\/23716\/revisions\/23717"}],"wp:featuredmedia":[{"embeddable":true,"href":"https:\/\/laserenaradio.cl\/web\/wp-json\/wp\/v2\/media\/23715"}],"wp:attachment":[{"href":"https:\/\/laserenaradio.cl\/web\/wp-json\/wp\/v2\/media?parent=23716"}],"wp:term":[{"taxonomy":"category","embeddable":true,"href":"https:\/\/laserenaradio.cl\/web\/wp-json\/wp\/v2\/categories?post=23716"},{"taxonomy":"post_tag","embeddable":true,"href":"https:\/\/laserenaradio.cl\/web\/wp-json\/wp\/v2\/tags?post=23716"}],"curies":[{"name":"wp","href":"https:\/\/api.w.org\/{rel}","templated":true}]}}