{"id":23710,"date":"2026-02-13T20:15:09","date_gmt":"2026-02-13T23:15:09","guid":{"rendered":"https:\/\/laserenaradio.cl\/web\/?p=23710"},"modified":"2026-02-13T20:15:09","modified_gmt":"2026-02-13T23:15:09","slug":"amenazas-a-la-alcaldesa-de-lo-espejo","status":"publish","type":"post","link":"https:\/\/laserenaradio.cl\/web\/2026\/02\/13\/amenazas-a-la-alcaldesa-de-lo-espejo\/","title":{"rendered":"Amenazas a la alcaldesa de Lo Espejo"},"content":{"rendered":"<p>Este viernes, la alcaldesa de Lo Espejo, Javiera Reyes, se reuni\u00f3 con el ministro de Seguridad, Luis Cordero, para intercambiar informaci\u00f3n sobre las amenazas de muerte que ha recibido. El encuentro se dio en medio de la tensa situaci\u00f3n que enfrenta la jefa comunal por su lucha contra el crimen organizado en la zona y revel\u00f3 nuevos amedrentamientos en su contra.<\/p>\n<p>En particular, se trata de dos nuevas amenazas que se produjeron luego de los trabajos enfocados en combatir el crimen organizado y recuperar los espacios p\u00fablicos en sectores complejos de Lo Espejo. En este contexto, la autoridad comunal lleg\u00f3 hasta las dependencias del ministerio para poner al tanto al secretario de Estado.<\/p>\n<p>\u201cTuve la oportunidad de reunirme con el ministro Cordero, donde estuvimos abordando las diferentes problem\u00e1ticas asociadas a las amenazas que he recibido. En ese sentido, tambi\u00e9n actualizarles que efectivamente, durante la tarde de ayer 12 de febrero, recib\u00ed nuevas amenazas, en este caso por v\u00eda escrita,\u201d coment\u00f3 la alcaldesa de Lo Espejo.<\/p>\n<p>Tras la cita, la m\u00e1xima autoridad de Lo Espejo confirm\u00f3 que los antecedentes de estos nuevos episodios ya fueron remitidos a la <a href=\"https:\/\/www.fiscaliadechile.cl\/\">Fiscal\u00eda<\/a> y que tambi\u00e9n est\u00e1n siendo investigados por la Brigada del Cibercrimen de la Polic\u00eda de Investigaciones (<a href=\"https:\/\/www.pdichile.cl\/\">PDI<\/a>). En este sentido, la denuncia busca dar con el paradero de los responsables.<\/p>\n<p>Recordemos que la alcaldesa Reyes ya hab\u00eda denunciado previamente que bandas rivales del narcotr\u00e1fico reunieron 100 millones de pesos para contratar a un sicario extranjero con el objetivo de atentar contra su vida. La autoridad detall\u00f3 en su momento que esa informaci\u00f3n surgi\u00f3 de testimonios vecinales y que existen personas identificadas en la investigaci\u00f3n.<\/p>\n<p>Reyes revel\u00f3 en una entrevista que las amenazas se intensificaron luego de que su gesti\u00f3n demoliera el club deportivo Varsovia, espacio que, seg\u00fan la jefa comunal, hab\u00eda perdido su foco deportivo y era utilizado por narcotraficantes para sus operaciones il\u00edcitas. De acuerdo con la autoridad, la medida form\u00f3 parte de un plan de recuperaci\u00f3n de espacios.<\/p>\n<p>La alcaldesa tambi\u00e9n orden\u00f3 el retiro de c\u00e1maras de seguridad instaladas en casas particulares y la eliminaci\u00f3n de portones que funcionaban como b\u00fankers para la venta de drogas en diversos puntos de la comuna.<\/p>\n","protected":false},"excerpt":{"rendered":"<p>Este viernes, la alcaldesa de Lo Espejo, Javiera Reyes, se reuni\u00f3 con el ministro de Seguridad, Luis Cordero, para intercambiar informaci\u00f3n sobre las amenazas de muerte que ha recibido. El encuentro se dio en medio de la tensa situaci\u00f3n que enfrenta la jefa comunal por su lucha contra el crimen organizado en la zona y [&hellip;]<\/p>\n","protected":false},"author":2,"featured_media":23709,"comment_status":"closed","ping_status":"open","sticky":false,"template":"","format":"standard","meta":{"_jetpack_memberships_contains_paid_content":false,"jnews-multi-image_gallery":[],"jnews_single_post":[],"jnews_primary_category":[],"jnews_social_meta":[],"jnews_paywall_metabox":[],"jnews_review":[],"enable_review":"","type":"","name":"","summary":"","brand":"","sku":"","good":[],"bad":[],"score_override":"","override_value":"","rating":[],"price":[],"jnews_override_counter":[],"jnews_post_split":[],"footnotes":""},"categories":[21],"tags":[],"class_list":["post-23710","post","type-post","status-publish","format-standard","has-post-thumbnail","hentry","category-nacional"],"jetpack_featured_media_url":"https:\/\/laserenaradio.cl\/web\/wp-content\/uploads\/2026\/02\/mediapiaiextstaticimg_webpAmenazasEspejo_0.webp","jetpack_sharing_enabled":true,"_links":{"self":[{"href":"https:\/\/laserenaradio.cl\/web\/wp-json\/wp\/v2\/posts\/23710","targetHints":{"allow":["GET"]}}],"collection":[{"href":"https:\/\/laserenaradio.cl\/web\/wp-json\/wp\/v2\/posts"}],"about":[{"href":"https:\/\/laserenaradio.cl\/web\/wp-json\/wp\/v2\/types\/post"}],"author":[{"embeddable":true,"href":"https:\/\/laserenaradio.cl\/web\/wp-json\/wp\/v2\/users\/2"}],"replies":[{"embeddable":true,"href":"https:\/\/laserenaradio.cl\/web\/wp-json\/wp\/v2\/comments?post=23710"}],"version-history":[{"count":1,"href":"https:\/\/laserenaradio.cl\/web\/wp-json\/wp\/v2\/posts\/23710\/revisions"}],"predecessor-version":[{"id":23711,"href":"https:\/\/laserenaradio.cl\/web\/wp-json\/wp\/v2\/posts\/23710\/revisions\/23711"}],"wp:featuredmedia":[{"embeddable":true,"href":"https:\/\/laserenaradio.cl\/web\/wp-json\/wp\/v2\/media\/23709"}],"wp:attachment":[{"href":"https:\/\/laserenaradio.cl\/web\/wp-json\/wp\/v2\/media?parent=23710"}],"wp:term":[{"taxonomy":"category","embeddable":true,"href":"https:\/\/laserenaradio.cl\/web\/wp-json\/wp\/v2\/categories?post=23710"},{"taxonomy":"post_tag","embeddable":true,"href":"https:\/\/laserenaradio.cl\/web\/wp-json\/wp\/v2\/tags?post=23710"}],"curies":[{"name":"wp","href":"https:\/\/api.w.org\/{rel}","templated":true}]}}