{"id":23704,"date":"2026-02-13T20:02:59","date_gmt":"2026-02-13T23:02:59","guid":{"rendered":"https:\/\/laserenaradio.cl\/web\/?p=23704"},"modified":"2026-02-13T20:02:59","modified_gmt":"2026-02-13T23:02:59","slug":"evacuacion-en-limache-y-concon-debido-a-incendios-forestales","status":"publish","type":"post","link":"https:\/\/laserenaradio.cl\/web\/2026\/02\/13\/evacuacion-en-limache-y-concon-debido-a-incendios-forestales\/","title":{"rendered":"Evacuaci\u00f3n en Limache y Conc\u00f3n debido a incendios forestales."},"content":{"rendered":"<p>El Servicio Nacional de Prevenci\u00f3n y Respuesta ante Desastres (<a href=\"http:\/\/www.senapred.cl\">Senapred<\/a>) orden\u00f3 la evacuaci\u00f3n en al menos cuatro sectores de Limache y Conc\u00f3n, en Valpara\u00edso. Espec\u00edficamente, se instruy\u00f3 la retirada del Poblaci\u00f3n Los Aromos 1 y El Portezuelo, debido a un incendio forestal denominado Forestal ACE 2.<\/p>\n<p>De igual manera, <a href=\"http:\/\/www.senapred.cl\">Senapred<\/a> pidi\u00f3 la evacuaci\u00f3n de Comunidad Los Peumos y Condominio Maximiliano en Conc\u00f3n, en virtud de otro incendio forestal. <\/p>\n<p>Para ambos casos, el organismo activ\u00f3 el Sistema de Alerta de Emergencia (SAE) a trav\u00e9s de mensajer\u00eda.<\/p>\n","protected":false},"excerpt":{"rendered":"<p>El Servicio Nacional de Prevenci\u00f3n y Respuesta ante Desastres (Senapred) orden\u00f3 la evacuaci\u00f3n en al menos cuatro sectores de Limache y Conc\u00f3n, en Valpara\u00edso. Espec\u00edficamente, se instruy\u00f3 la retirada del Poblaci\u00f3n Los Aromos 1 y El Portezuelo, debido a un incendio forestal denominado Forestal ACE 2. De igual manera, Senapred pidi\u00f3 la evacuaci\u00f3n de Comunidad [&hellip;]<\/p>\n","protected":false},"author":2,"featured_media":23703,"comment_status":"closed","ping_status":"open","sticky":false,"template":"","format":"standard","meta":{"_jetpack_memberships_contains_paid_content":false,"jnews-multi-image_gallery":[],"jnews_single_post":[],"jnews_primary_category":[],"jnews_social_meta":[],"jnews_paywall_metabox":[],"jnews_review":[],"enable_review":"","type":"","name":"","summary":"","brand":"","sku":"","good":[],"bad":[],"score_override":"","override_value":"","rating":[],"price":[],"jnews_override_counter":[],"jnews_post_split":[],"footnotes":""},"categories":[21],"tags":[],"class_list":["post-23704","post","type-post","status-publish","format-standard","has-post-thumbnail","hentry","category-nacional"],"jetpack_featured_media_url":"https:\/\/laserenaradio.cl\/web\/wp-content\/uploads\/2026\/02\/mediapiaiextstaticimg_webpincendioforestalsenapredsectores_1.webp","jetpack_sharing_enabled":true,"_links":{"self":[{"href":"https:\/\/laserenaradio.cl\/web\/wp-json\/wp\/v2\/posts\/23704","targetHints":{"allow":["GET"]}}],"collection":[{"href":"https:\/\/laserenaradio.cl\/web\/wp-json\/wp\/v2\/posts"}],"about":[{"href":"https:\/\/laserenaradio.cl\/web\/wp-json\/wp\/v2\/types\/post"}],"author":[{"embeddable":true,"href":"https:\/\/laserenaradio.cl\/web\/wp-json\/wp\/v2\/users\/2"}],"replies":[{"embeddable":true,"href":"https:\/\/laserenaradio.cl\/web\/wp-json\/wp\/v2\/comments?post=23704"}],"version-history":[{"count":1,"href":"https:\/\/laserenaradio.cl\/web\/wp-json\/wp\/v2\/posts\/23704\/revisions"}],"predecessor-version":[{"id":23705,"href":"https:\/\/laserenaradio.cl\/web\/wp-json\/wp\/v2\/posts\/23704\/revisions\/23705"}],"wp:featuredmedia":[{"embeddable":true,"href":"https:\/\/laserenaradio.cl\/web\/wp-json\/wp\/v2\/media\/23703"}],"wp:attachment":[{"href":"https:\/\/laserenaradio.cl\/web\/wp-json\/wp\/v2\/media?parent=23704"}],"wp:term":[{"taxonomy":"category","embeddable":true,"href":"https:\/\/laserenaradio.cl\/web\/wp-json\/wp\/v2\/categories?post=23704"},{"taxonomy":"post_tag","embeddable":true,"href":"https:\/\/laserenaradio.cl\/web\/wp-json\/wp\/v2\/tags?post=23704"}],"curies":[{"name":"wp","href":"https:\/\/api.w.org\/{rel}","templated":true}]}}