{"id":23698,"date":"2026-02-13T16:34:27","date_gmt":"2026-02-13T19:34:27","guid":{"rendered":"https:\/\/laserenaradio.cl\/web\/?p=23698"},"modified":"2026-02-13T16:34:27","modified_gmt":"2026-02-13T19:34:27","slug":"hospital-clinico-denuncia-agresiones-contra-enfermera","status":"publish","type":"post","link":"https:\/\/laserenaradio.cl\/web\/2026\/02\/13\/hospital-clinico-denuncia-agresiones-contra-enfermera\/","title":{"rendered":"Hospital Cl\u00ednico denuncia agresiones contra enfermera"},"content":{"rendered":"<p>El Hospital Cl\u00ednico Herminda Mart\u00edn y el Servicio de Salud \u00d1uble interpusieron una querella criminal ante el Juzgado de Garant\u00eda por los delitos de lesiones y amenazas cometidos en contra de una T\u00e9cnica en Enfermer\u00eda de Nivel Superior (TENS), quien se encontraba desempe\u00f1ando sus labores el 10 de febrero. <\/p>\n<p>La acci\u00f3n penal se dirige en contra de una persona, familiar de una usuaria hospitalizada, que agredi\u00f3 f\u00edsicamente y verbalmente a la funcionaria. Adem\u00e1s de la querella, las instituciones solicitaron al Tribunal la ampliaci\u00f3n de la medida cautelar vigente (prohibici\u00f3n de acercarse a la v\u00edctima, a su domicilio y a su lugar de trabajo) decretada en el control de detenci\u00f3n, solicitando que se decrete arresto domiciliario en contra de la imputada.<\/p>\n<p>La directora del Hospital Cl\u00ednico Herminda Mart\u00edn, dra. Ximena Espinoza, manifest\u00f3: &#8220;Rechazamos de manera categ\u00f3rica cualquier hecho de violencia que afecte a nuestras funcionarias y funcionarios. Quienes integran los equipos de salud cumplen una labor esencial para la comunidad y deben desempe\u00f1arse en un entorno seguro y respetuoso&#8221;. <\/p>\n<p>De igual manera, la directora del Servicio de Salud \u00d1uble, Elizabeth Abarca, afirm\u00f3: &#8220;La instituci\u00f3n respalda plenamente la decisi\u00f3n adoptada y reiteramos que la violencia contra el personal sanitario constituye un delito. Desde 2019, la legislaci\u00f3n vigente establece sanciones m\u00e1s severas para quienes agreden a funcionarias y funcionarios de salud en el ejercicio de sus funciones. Como Servicio, no toleraremos este tipo de conductas y continuaremos utilizando todas las herramientas legales disponibles para resguardar a nuestros equipos&#8221;.<\/p>\n<p>Las autoridades reiteraron que, junto con las acciones legales que este caso amerita, el compromiso institucional es continuar fortaleciendo las estrategias de prevenci\u00f3n, los canales de denuncia y los mecanismos de apoyo m\u00e9dico, psicol\u00f3gico y administrativo para las y los trabajadores que enfrenten situaciones de violencia. <\/p>\n<p>Finalmente, ambas instituciones hicieron un llamado a la comunidad a mantener relaciones basadas en el respeto y la colaboraci\u00f3n, recordando que la protecci\u00f3n del personal de salud es una condici\u00f3n indispensable para garantizar una atenci\u00f3n oportuna y de calidad a la poblaci\u00f3n.<\/p>\n","protected":false},"excerpt":{"rendered":"<p>El Hospital Cl\u00ednico Herminda Mart\u00edn y el Servicio de Salud \u00d1uble interpusieron una querella criminal ante el Juzgado de Garant\u00eda por los delitos de lesiones y amenazas cometidos en contra de una T\u00e9cnica en Enfermer\u00eda de Nivel Superior (TENS), quien se encontraba desempe\u00f1ando sus labores el 10 de febrero. La acci\u00f3n penal se dirige en [&hellip;]<\/p>\n","protected":false},"author":2,"featured_media":23697,"comment_status":"closed","ping_status":"open","sticky":false,"template":"","format":"standard","meta":{"_jetpack_memberships_contains_paid_content":false,"jnews-multi-image_gallery":[],"jnews_single_post":[],"jnews_primary_category":[],"jnews_social_meta":[],"jnews_paywall_metabox":[],"jnews_review":[],"enable_review":"","type":"","name":"","summary":"","brand":"","sku":"","good":[],"bad":[],"score_override":"","override_value":"","rating":[],"price":[],"jnews_override_counter":[],"jnews_post_split":[],"footnotes":""},"categories":[21],"tags":[],"class_list":["post-23698","post","type-post","status-publish","format-standard","has-post-thumbnail","hentry","category-nacional"],"jetpack_featured_media_url":"https:\/\/laserenaradio.cl\/web\/wp-content\/uploads\/2026\/02\/mediapiaiextstaticimg_webpClinicaHospital_1.webp","jetpack_sharing_enabled":true,"_links":{"self":[{"href":"https:\/\/laserenaradio.cl\/web\/wp-json\/wp\/v2\/posts\/23698","targetHints":{"allow":["GET"]}}],"collection":[{"href":"https:\/\/laserenaradio.cl\/web\/wp-json\/wp\/v2\/posts"}],"about":[{"href":"https:\/\/laserenaradio.cl\/web\/wp-json\/wp\/v2\/types\/post"}],"author":[{"embeddable":true,"href":"https:\/\/laserenaradio.cl\/web\/wp-json\/wp\/v2\/users\/2"}],"replies":[{"embeddable":true,"href":"https:\/\/laserenaradio.cl\/web\/wp-json\/wp\/v2\/comments?post=23698"}],"version-history":[{"count":1,"href":"https:\/\/laserenaradio.cl\/web\/wp-json\/wp\/v2\/posts\/23698\/revisions"}],"predecessor-version":[{"id":23699,"href":"https:\/\/laserenaradio.cl\/web\/wp-json\/wp\/v2\/posts\/23698\/revisions\/23699"}],"wp:featuredmedia":[{"embeddable":true,"href":"https:\/\/laserenaradio.cl\/web\/wp-json\/wp\/v2\/media\/23697"}],"wp:attachment":[{"href":"https:\/\/laserenaradio.cl\/web\/wp-json\/wp\/v2\/media?parent=23698"}],"wp:term":[{"taxonomy":"category","embeddable":true,"href":"https:\/\/laserenaradio.cl\/web\/wp-json\/wp\/v2\/categories?post=23698"},{"taxonomy":"post_tag","embeddable":true,"href":"https:\/\/laserenaradio.cl\/web\/wp-json\/wp\/v2\/tags?post=23698"}],"curies":[{"name":"wp","href":"https:\/\/api.w.org\/{rel}","templated":true}]}}