{"id":23695,"date":"2026-02-13T16:29:14","date_gmt":"2026-02-13T19:29:14","guid":{"rendered":"https:\/\/laserenaradio.cl\/web\/?p=23695"},"modified":"2026-02-13T16:29:14","modified_gmt":"2026-02-13T19:29:14","slug":"gobierno-de-kast-implementa-austeridad-en-gabinetes","status":"publish","type":"post","link":"https:\/\/laserenaradio.cl\/web\/2026\/02\/13\/gobierno-de-kast-implementa-austeridad-en-gabinetes\/","title":{"rendered":"Gobierno de Kast implementa austeridad en gabinetes"},"content":{"rendered":"<p>El pr\u00f3ximo gobierno de Jos\u00e9 Antonio Kast enfrentar\u00e1 un panorama fiscal desafiante, con un d\u00e9ficit mayor al previsto en 2025 y una recaudaci\u00f3n que sufri\u00f3 una importante ca\u00edda en los \u00faltimos tres meses del a\u00f1o pasado.<\/p>\n<p>Desde la Oficina del Presidente Electo (OPE) ya se est\u00e1n estableciendo lineamientos de austeridad para las pr\u00f3ximas autoridades, incluyendo uno donde el gasto de los gabinetes debe ser m\u00ednimo un 15% inferior al actual. Las cifras espec\u00edficas se definir\u00e1n en reuniones bilaterales entre distintas carteras.<\/p>\n<p>El gasto considera a todas las personas del equipo ministerial, desde jefes de gabinete hasta asesores contrata, planta u honorarios. Se establecer\u00e1 el sueldo del jefe de gabinete en funci\u00f3n de competencias, perfil y experiencia, no superando nunca al del subsecretario.<\/p>\n<p>En cuanto a los asesores, se comparti\u00f3 una tabla con porcentajes referenciales basados en las remuneraciones del subsecretario. Por ejemplo, un asesor con t\u00edtulo t\u00e9cnico y cinco a\u00f1os o menos de experiencia ganar\u00e1 un m\u00e1ximo del 30% del sueldo del subsecretario respectivo.<\/p>\n<p>Los grados de mag\u00edster o doctor con diez a\u00f1os o m\u00e1s de experiencia podr\u00edan optar a un sueldo equivalente al 100% del subsecretario. Las autoridades tambi\u00e9n revisar\u00e1n qui\u00e9nes reciben asignaciones adicionales por funciones cr\u00edticas, para evaluar si se mantienen o no.<\/p>\n<p>Antes del cambio de mando del 11 de marzo, los ministros deben enviar un excel con los asesores que ingresar\u00e1n a la nueva administraci\u00f3n. La Direcci\u00f3n de Presupuestos (Dipres) podr\u00eda incluso eliminar tales asignaciones si no son relevantes.<\/p>\n","protected":false},"excerpt":{"rendered":"<p>El pr\u00f3ximo gobierno de Jos\u00e9 Antonio Kast enfrentar\u00e1 un panorama fiscal desafiante, con un d\u00e9ficit mayor al previsto en 2025 y una recaudaci\u00f3n que sufri\u00f3 una importante ca\u00edda en los \u00faltimos tres meses del a\u00f1o pasado. Desde la Oficina del Presidente Electo (OPE) ya se est\u00e1n estableciendo lineamientos de austeridad para las pr\u00f3ximas autoridades, incluyendo [&hellip;]<\/p>\n","protected":false},"author":2,"featured_media":9076,"comment_status":"closed","ping_status":"open","sticky":false,"template":"","format":"standard","meta":{"_jetpack_memberships_contains_paid_content":false,"jnews-multi-image_gallery":[],"jnews_single_post":[],"jnews_primary_category":[],"jnews_social_meta":[],"jnews_paywall_metabox":[],"jnews_review":[],"enable_review":"","type":"","name":"","summary":"","brand":"","sku":"","good":[],"bad":[],"score_override":"","override_value":"","rating":[],"price":[],"jnews_override_counter":[],"jnews_post_split":[],"footnotes":""},"categories":[21],"tags":[],"class_list":["post-23695","post","type-post","status-publish","format-standard","has-post-thumbnail","hentry","category-nacional"],"jetpack_featured_media_url":"https:\/\/laserenaradio.cl\/web\/wp-content\/uploads\/2024\/12\/laserenaradio_nacional.webp","jetpack_sharing_enabled":true,"_links":{"self":[{"href":"https:\/\/laserenaradio.cl\/web\/wp-json\/wp\/v2\/posts\/23695","targetHints":{"allow":["GET"]}}],"collection":[{"href":"https:\/\/laserenaradio.cl\/web\/wp-json\/wp\/v2\/posts"}],"about":[{"href":"https:\/\/laserenaradio.cl\/web\/wp-json\/wp\/v2\/types\/post"}],"author":[{"embeddable":true,"href":"https:\/\/laserenaradio.cl\/web\/wp-json\/wp\/v2\/users\/2"}],"replies":[{"embeddable":true,"href":"https:\/\/laserenaradio.cl\/web\/wp-json\/wp\/v2\/comments?post=23695"}],"version-history":[{"count":1,"href":"https:\/\/laserenaradio.cl\/web\/wp-json\/wp\/v2\/posts\/23695\/revisions"}],"predecessor-version":[{"id":23696,"href":"https:\/\/laserenaradio.cl\/web\/wp-json\/wp\/v2\/posts\/23695\/revisions\/23696"}],"wp:featuredmedia":[{"embeddable":true,"href":"https:\/\/laserenaradio.cl\/web\/wp-json\/wp\/v2\/media\/9076"}],"wp:attachment":[{"href":"https:\/\/laserenaradio.cl\/web\/wp-json\/wp\/v2\/media?parent=23695"}],"wp:term":[{"taxonomy":"category","embeddable":true,"href":"https:\/\/laserenaradio.cl\/web\/wp-json\/wp\/v2\/categories?post=23695"},{"taxonomy":"post_tag","embeddable":true,"href":"https:\/\/laserenaradio.cl\/web\/wp-json\/wp\/v2\/tags?post=23695"}],"curies":[{"name":"wp","href":"https:\/\/api.w.org\/{rel}","templated":true}]}}