{"id":23690,"date":"2026-02-13T12:58:13","date_gmt":"2026-02-13T15:58:13","guid":{"rendered":"https:\/\/laserenaradio.cl\/web\/?p=23690"},"modified":"2026-02-13T12:58:13","modified_gmt":"2026-02-13T15:58:13","slug":"emiten-una-alerta-por-precipitaciones-moderadas-a-fuertes-en-zonas-de-la-region-de-antofagasta","status":"publish","type":"post","link":"https:\/\/laserenaradio.cl\/web\/2026\/02\/13\/emiten-una-alerta-por-precipitaciones-moderadas-a-fuertes-en-zonas-de-la-region-de-antofagasta\/","title":{"rendered":"Emiten una Alerta por Precipitaciones Moderadas a Fuertes en zonas de la regi\u00f3n de Antofagasta"},"content":{"rendered":"<p>Desde la Direcci\u00f3n Meteorol\u00f3gica de Chile (DMC), emitieron la Alerta AA39\/2026 por Precipitaciones debido a la condici\u00f3n sin\u00f3ptica Alta de Bolivia.<\/p>\n<p>La <a href=\"http:\/\/www.meteochile.gob.cl\/PortalDMC-web\/index.xhtml\" rel=\"nofollow\">Direcci\u00f3n Meteorol\u00f3gica de Chile<\/a>, indica que este fen\u00f3meno se encontrar\u00e1 vigente desde <strong>la tarde del domingo 15 de febrero del 2026<\/strong> y hasta <strong>la noche del lunes 16 de febrero del 2026<\/strong>.<\/p>\n<p>Las zonas afectadas por la condici\u00f3n ser\u00edan: Antofagasta (Precordillera, Precordillera Salar, Cordillera)<\/p>\n<p>Debido a esta condici\u00f3n, se llama a tener precauci\u00f3n por la Alerta vigente por Precipitaciones Moderadas a Fuertes en zonas de la regi\u00f3n de Antofagasta.<\/p>\n","protected":false},"excerpt":{"rendered":"<p>Desde la Direcci\u00f3n Meteorol\u00f3gica de Chile (DMC), emitieron la Alerta AA39\/2026 por Precipitaciones debido a la condici\u00f3n sin\u00f3ptica Alta de Bolivia. La Direcci\u00f3n Meteorol\u00f3gica de Chile, indica que este fen\u00f3meno se encontrar\u00e1 vigente desde la tarde del domingo 15 de febrero del 2026 y hasta la noche del lunes 16 de febrero del 2026. Las [&hellip;]<\/p>\n","protected":false},"author":2,"featured_media":23689,"comment_status":"closed","ping_status":"open","sticky":false,"template":"","format":"standard","meta":{"_jetpack_memberships_contains_paid_content":false,"jnews-multi-image_gallery":[],"jnews_single_post":[],"jnews_primary_category":[],"jnews_social_meta":[],"jnews_paywall_metabox":[],"jnews_review":[],"enable_review":"","type":"","name":"","summary":"","brand":"","sku":"","good":[],"bad":[],"score_override":"","override_value":"","rating":[],"price":[],"jnews_override_counter":[],"jnews_post_split":[],"footnotes":""},"categories":[21],"tags":[],"class_list":["post-23690","post","type-post","status-publish","format-standard","has-post-thumbnail","hentry","category-nacional"],"jetpack_featured_media_url":"https:\/\/laserenaradio.cl\/web\/wp-content\/uploads\/2026\/02\/mediapiaiextstaticimg_webpAlertazonasAntofagastaChile_0.webp","jetpack_sharing_enabled":true,"_links":{"self":[{"href":"https:\/\/laserenaradio.cl\/web\/wp-json\/wp\/v2\/posts\/23690","targetHints":{"allow":["GET"]}}],"collection":[{"href":"https:\/\/laserenaradio.cl\/web\/wp-json\/wp\/v2\/posts"}],"about":[{"href":"https:\/\/laserenaradio.cl\/web\/wp-json\/wp\/v2\/types\/post"}],"author":[{"embeddable":true,"href":"https:\/\/laserenaradio.cl\/web\/wp-json\/wp\/v2\/users\/2"}],"replies":[{"embeddable":true,"href":"https:\/\/laserenaradio.cl\/web\/wp-json\/wp\/v2\/comments?post=23690"}],"version-history":[{"count":1,"href":"https:\/\/laserenaradio.cl\/web\/wp-json\/wp\/v2\/posts\/23690\/revisions"}],"predecessor-version":[{"id":23691,"href":"https:\/\/laserenaradio.cl\/web\/wp-json\/wp\/v2\/posts\/23690\/revisions\/23691"}],"wp:featuredmedia":[{"embeddable":true,"href":"https:\/\/laserenaradio.cl\/web\/wp-json\/wp\/v2\/media\/23689"}],"wp:attachment":[{"href":"https:\/\/laserenaradio.cl\/web\/wp-json\/wp\/v2\/media?parent=23690"}],"wp:term":[{"taxonomy":"category","embeddable":true,"href":"https:\/\/laserenaradio.cl\/web\/wp-json\/wp\/v2\/categories?post=23690"},{"taxonomy":"post_tag","embeddable":true,"href":"https:\/\/laserenaradio.cl\/web\/wp-json\/wp\/v2\/tags?post=23690"}],"curies":[{"name":"wp","href":"https:\/\/api.w.org\/{rel}","templated":true}]}}