{"id":23684,"date":"2026-02-13T11:25:06","date_gmt":"2026-02-13T14:25:06","guid":{"rendered":"https:\/\/laserenaradio.cl\/web\/?p=23684"},"modified":"2026-02-13T11:25:06","modified_gmt":"2026-02-13T14:25:06","slug":"turbazo-violento-en-independencia","status":"publish","type":"post","link":"https:\/\/laserenaradio.cl\/web\/2026\/02\/13\/turbazo-violento-en-independencia\/","title":{"rendered":"Turbazo violento en Independencia"},"content":{"rendered":"<p>La Brigada Investigadora de Robos (Biro) Sur de la Polic\u00eda de Investigaciones (<a href=\"https:\/\/www.pdichile.cl\/\">PDI<\/a>) lidera la investigaci\u00f3n de un violento turbazo en una casa de Independencia. En horas de la madrugada del viernes, la <a href=\"https:\/\/www.fiscaliadechile.cl\/\">Fiscal\u00eda<\/a> Regional Metropolitana Centro Norte instruy\u00f3 a la brigada especializada de la <a href=\"https:\/\/www.pdichile.cl\/\">PDI<\/a> realizar las primeras diligencias.<\/p>\n<p>En este lugar ingresaron aproximadamente 10 sujetos, todos premunidos con armas de fuego, solicitando dinero y especies a este grupo familiar. Ellos sustrajeron especies, sumado a un veh\u00edculo motorizado, espec\u00edficamente una camioneta. Seg\u00fan ha trascendido durante la ma\u00f1ana, los antisociales ingresaron al domicilio vestidos y portando elementos policiales.<\/p>\n<p>El bot\u00edn del turbazo ser\u00eda de alrededor de $14 millones. En cuanto a la investigaci\u00f3n, encargada a la Biro Sur, apunta a diversas diligencias tanto en el sitio del suceso como en otras ramificaciones, con la finalidad de establecer el paradero del m\u00f3vil (la camioneta sustra\u00edda) y de los antisociales.<\/p>\n","protected":false},"excerpt":{"rendered":"<p>La Brigada Investigadora de Robos (Biro) Sur de la Polic\u00eda de Investigaciones (PDI) lidera la investigaci\u00f3n de un violento turbazo en una casa de Independencia. En horas de la madrugada del viernes, la Fiscal\u00eda Regional Metropolitana Centro Norte instruy\u00f3 a la brigada especializada de la PDI realizar las primeras diligencias. En este lugar ingresaron aproximadamente [&hellip;]<\/p>\n","protected":false},"author":2,"featured_media":23683,"comment_status":"closed","ping_status":"open","sticky":false,"template":"","format":"standard","meta":{"_jetpack_memberships_contains_paid_content":false,"jnews-multi-image_gallery":[],"jnews_single_post":[],"jnews_primary_category":[],"jnews_social_meta":[],"jnews_paywall_metabox":[],"jnews_review":[],"enable_review":"","type":"","name":"","summary":"","brand":"","sku":"","good":[],"bad":[],"score_override":"","override_value":"","rating":[],"price":[],"jnews_override_counter":[],"jnews_post_split":[],"footnotes":""},"categories":[21],"tags":[],"class_list":["post-23684","post","type-post","status-publish","format-standard","has-post-thumbnail","hentry","category-nacional"],"jetpack_featured_media_url":"https:\/\/laserenaradio.cl\/web\/wp-content\/uploads\/2026\/02\/mediapiaiextstaticimg_webpTurbazosPDI_0.webp","jetpack_sharing_enabled":true,"_links":{"self":[{"href":"https:\/\/laserenaradio.cl\/web\/wp-json\/wp\/v2\/posts\/23684","targetHints":{"allow":["GET"]}}],"collection":[{"href":"https:\/\/laserenaradio.cl\/web\/wp-json\/wp\/v2\/posts"}],"about":[{"href":"https:\/\/laserenaradio.cl\/web\/wp-json\/wp\/v2\/types\/post"}],"author":[{"embeddable":true,"href":"https:\/\/laserenaradio.cl\/web\/wp-json\/wp\/v2\/users\/2"}],"replies":[{"embeddable":true,"href":"https:\/\/laserenaradio.cl\/web\/wp-json\/wp\/v2\/comments?post=23684"}],"version-history":[{"count":1,"href":"https:\/\/laserenaradio.cl\/web\/wp-json\/wp\/v2\/posts\/23684\/revisions"}],"predecessor-version":[{"id":23685,"href":"https:\/\/laserenaradio.cl\/web\/wp-json\/wp\/v2\/posts\/23684\/revisions\/23685"}],"wp:featuredmedia":[{"embeddable":true,"href":"https:\/\/laserenaradio.cl\/web\/wp-json\/wp\/v2\/media\/23683"}],"wp:attachment":[{"href":"https:\/\/laserenaradio.cl\/web\/wp-json\/wp\/v2\/media?parent=23684"}],"wp:term":[{"taxonomy":"category","embeddable":true,"href":"https:\/\/laserenaradio.cl\/web\/wp-json\/wp\/v2\/categories?post=23684"},{"taxonomy":"post_tag","embeddable":true,"href":"https:\/\/laserenaradio.cl\/web\/wp-json\/wp\/v2\/tags?post=23684"}],"curies":[{"name":"wp","href":"https:\/\/api.w.org\/{rel}","templated":true}]}}