{"id":23676,"date":"2026-02-13T09:32:16","date_gmt":"2026-02-13T12:32:16","guid":{"rendered":"https:\/\/laserenaradio.cl\/web\/?p=23676"},"modified":"2026-02-13T09:32:16","modified_gmt":"2026-02-13T12:32:16","slug":"puertos-de-valparaiso-y-san-antonio-son-puntos-logisticos-de-una-red-de-narcotrafico-internacional","status":"publish","type":"post","link":"https:\/\/laserenaradio.cl\/web\/2026\/02\/13\/puertos-de-valparaiso-y-san-antonio-son-puntos-logisticos-de-una-red-de-narcotrafico-internacional\/","title":{"rendered":"Puertos de Valpara\u00edso y San Antonio son puntos log\u00edsticos de una red de narcotr\u00e1fico internacional."},"content":{"rendered":"<p>El ministro de Seguridad, Luis Cordero, valid\u00f3 los dichos del fiscal nacional, \u00c1ngel Valencia, durante su presentaci\u00f3n ante el Parlamento Italiano. En ella se destacaron los puertos de Valpara\u00edso y San Antonio como puntos log\u00edsticos de una red internacional de narcotr\u00e1fico y organizaci\u00f3n criminal.<\/p>\n<p>Valencia, en la misma sesi\u00f3n, resalt\u00f3 que estos puertos son &#8220;nodos cr\u00edticos&#8221; en la din\u00e1mica del tr\u00e1fico il\u00edcito. Mencion\u00f3 rutas internacionales como Valpara\u00edso-Rotterdam, el m\u00e1s grande puerto europeo, para demostrar su relevancia.<\/p>\n<p>El ministro Cordero tambi\u00e9n abord\u00f3 el tema durante una visita a Vi\u00f1a del Mar, reiterando la preocupaci\u00f3n por estas infraestructuras portuarias. Destac\u00f3 la necesidad de intensificar las fiscalizaciones tanto de Aduanas como de la Polic\u00eda Mar\u00edtima para evitar que se utilicen como mecanismos de paso para organizaciones criminales.<\/p>\n<p>Valencia, en su exposici\u00f3n, explic\u00f3 c\u00f3mo estas organizaciones est\u00e1n aprovechando el alto volumen del comercio y la complejidad de la fiscalizaci\u00f3n portuaria. Enfatiz\u00f3 rutas espec\u00edficas, como el tr\u00e1fico de MDMA\/\u00e9xtasis desde Amberes, Rotterdam e incluso Zeebrugge hacia San Antonio y Valpara\u00edso.<\/p>\n<p>Adem\u00e1s, Valencia indic\u00f3 una bidireccionalidad en el tr\u00e1fico de coca\u00edna del Cono Sur a Europa y viceversa, con drogas sint\u00e9ticas reingresando desde Europa a Sudam\u00e9rica. Estas rutas demuestran la transformaci\u00f3n en las din\u00e1micas del narcotr\u00e1fico global.<\/p>\n<p>Por su parte, Consuelo C\u00e1naves, gerente general subrogante de Puerto San Antonio, inform\u00f3 sobre una notable exportaci\u00f3n superior a 16.500 contenedores durante la temporada 2025-2026. Este dato subraya la capacidad estructural del puerto.<\/p>\n<p>Finalmente, Valencia expuso el problema de contaminaci\u00f3n de contenedores en los puertos chilenos y la coordinaci\u00f3n con proveedores regionales de coca\u00edna, especialmente desde Per\u00fa.<\/p>\n","protected":false},"excerpt":{"rendered":"<p>El ministro de Seguridad, Luis Cordero, valid\u00f3 los dichos del fiscal nacional, \u00c1ngel Valencia, durante su presentaci\u00f3n ante el Parlamento Italiano. En ella se destacaron los puertos de Valpara\u00edso y San Antonio como puntos log\u00edsticos de una red internacional de narcotr\u00e1fico y organizaci\u00f3n criminal. Valencia, en la misma sesi\u00f3n, resalt\u00f3 que estos puertos son &#8220;nodos [&hellip;]<\/p>\n","protected":false},"author":2,"featured_media":23675,"comment_status":"closed","ping_status":"open","sticky":false,"template":"","format":"standard","meta":{"_jetpack_memberships_contains_paid_content":false,"jnews-multi-image_gallery":[],"jnews_single_post":[],"jnews_primary_category":[],"jnews_social_meta":[],"jnews_paywall_metabox":[],"jnews_review":[],"enable_review":"","type":"","name":"","summary":"","brand":"","sku":"","good":[],"bad":[],"score_override":"","override_value":"","rating":[],"price":[],"jnews_override_counter":[],"jnews_post_split":[],"footnotes":""},"categories":[21],"tags":[],"class_list":["post-23676","post","type-post","status-publish","format-standard","has-post-thumbnail","hentry","category-nacional"],"jetpack_featured_media_url":"https:\/\/laserenaradio.cl\/web\/wp-content\/uploads\/2026\/02\/mediapiaiextstaticimg_webpPuertosValparaiso_1.webp","jetpack_sharing_enabled":true,"_links":{"self":[{"href":"https:\/\/laserenaradio.cl\/web\/wp-json\/wp\/v2\/posts\/23676","targetHints":{"allow":["GET"]}}],"collection":[{"href":"https:\/\/laserenaradio.cl\/web\/wp-json\/wp\/v2\/posts"}],"about":[{"href":"https:\/\/laserenaradio.cl\/web\/wp-json\/wp\/v2\/types\/post"}],"author":[{"embeddable":true,"href":"https:\/\/laserenaradio.cl\/web\/wp-json\/wp\/v2\/users\/2"}],"replies":[{"embeddable":true,"href":"https:\/\/laserenaradio.cl\/web\/wp-json\/wp\/v2\/comments?post=23676"}],"version-history":[{"count":1,"href":"https:\/\/laserenaradio.cl\/web\/wp-json\/wp\/v2\/posts\/23676\/revisions"}],"predecessor-version":[{"id":23677,"href":"https:\/\/laserenaradio.cl\/web\/wp-json\/wp\/v2\/posts\/23676\/revisions\/23677"}],"wp:featuredmedia":[{"embeddable":true,"href":"https:\/\/laserenaradio.cl\/web\/wp-json\/wp\/v2\/media\/23675"}],"wp:attachment":[{"href":"https:\/\/laserenaradio.cl\/web\/wp-json\/wp\/v2\/media?parent=23676"}],"wp:term":[{"taxonomy":"category","embeddable":true,"href":"https:\/\/laserenaradio.cl\/web\/wp-json\/wp\/v2\/categories?post=23676"},{"taxonomy":"post_tag","embeddable":true,"href":"https:\/\/laserenaradio.cl\/web\/wp-json\/wp\/v2\/tags?post=23676"}],"curies":[{"name":"wp","href":"https:\/\/api.w.org\/{rel}","templated":true}]}}