{"id":23671,"date":"2026-02-12T18:16:54","date_gmt":"2026-02-12T21:16:54","guid":{"rendered":"https:\/\/laserenaradio.cl\/web\/?p=23671"},"modified":"2026-02-12T18:16:54","modified_gmt":"2026-02-12T21:16:54","slug":"municipalidad-de-vicuna-enfrenta-sumario-sanitario-por-deficiencias-laborales","status":"publish","type":"post","link":"https:\/\/laserenaradio.cl\/web\/2026\/02\/12\/municipalidad-de-vicuna-enfrenta-sumario-sanitario-por-deficiencias-laborales\/","title":{"rendered":"Municipalidad de Vicu\u00f1a enfrenta sumario sanitario por deficiencias laborales."},"content":{"rendered":"<p>La Seremi de Salud de Coquimbo inici\u00f3 un sumario sanitario tras constatar diversas deficiencias en materia de seguridad y salud laboral en dependencias de la Municipalidad de Vicu\u00f1a.<\/p>\n<p>La inspecci\u00f3n se realiz\u00f3 el pasado 22 de enero y abarc\u00f3 el edificio consistorial, la Direcci\u00f3n de Desarrollo Comunitario (Dideco), la bodega municipal y el Polideportivo. <\/p>\n<p>En concreto, la fiscalizaci\u00f3n se origin\u00f3 luego de una denuncia ingresada ante la Contralor\u00eda bajo reserva de identidad.<\/p>\n<p>Entre los principales hallazgos, la autoridad sanitaria detect\u00f3 falencias en la implementaci\u00f3n del Sistema de Gesti\u00f3n de Seguridad y Salud en el Trabajo, exigido por el Decreto Supremo N\u00b0 44. Esto implica deficiencias en la identificaci\u00f3n y evaluaci\u00f3n de riesgos laborales, as\u00ed como en la formalizaci\u00f3n de procedimientos preventivos que deben resguardar la integridad de los funcionarios.<\/p>\n<p>Asimismo, se constataron incumplimientos al Decreto Supremo N\u00b0 594, normativa que regula las condiciones sanitarias y ambientales b\u00e1sicas en los lugares de trabajo. Las observaciones apuntan a aspectos de infraestructura, condiciones ambientales y est\u00e1ndares m\u00ednimos de seguridad que deben garantizarse para un entorno laboral adecuado.<\/p>\n<p>Producto de estas irregularidades, la Seremi de Salud instruy\u00f3 un sumario sanitario para determinar responsabilidades y eventuales sanciones. El proceso administrativo permitir\u00e1 evaluar en detalle las condiciones detectadas y establecer medidas correctivas.<\/p>\n<p>Desde Contralor\u00eda se tom\u00f3 conocimiento del informe de la autoridad sanitaria, dando por abordados los antecedentes denunciados en esta etapa.<\/p>\n<p>El caso vuelve a poner el foco en la importancia de cumplir con los est\u00e1ndares de seguridad laboral en organismos p\u00fablicos, especialmente considerando que estos recintos concentran a funcionarios y usuarios de manera permanente.<\/p>\n","protected":false},"excerpt":{"rendered":"<p>La Seremi de Salud de Coquimbo inici\u00f3 un sumario sanitario tras constatar diversas deficiencias en materia de seguridad y salud laboral en dependencias de la Municipalidad de Vicu\u00f1a. La inspecci\u00f3n se realiz\u00f3 el pasado 22 de enero y abarc\u00f3 el edificio consistorial, la Direcci\u00f3n de Desarrollo Comunitario (Dideco), la bodega municipal y el Polideportivo. En [&hellip;]<\/p>\n","protected":false},"author":2,"featured_media":23670,"comment_status":"closed","ping_status":"open","sticky":false,"template":"","format":"standard","meta":{"_jetpack_memberships_contains_paid_content":false,"jnews-multi-image_gallery":[],"jnews_single_post":[],"jnews_primary_category":[],"jnews_social_meta":[],"jnews_paywall_metabox":[],"jnews_review":[],"enable_review":"","type":"","name":"","summary":"","brand":"","sku":"","good":[],"bad":[],"score_override":"","override_value":"","rating":[],"price":[],"jnews_override_counter":[],"jnews_post_split":[],"footnotes":""},"categories":[21],"tags":[],"class_list":["post-23671","post","type-post","status-publish","format-standard","has-post-thumbnail","hentry","category-nacional"],"jetpack_featured_media_url":"https:\/\/laserenaradio.cl\/web\/wp-content\/uploads\/2026\/02\/mediapiaiextstaticimg_webpMunicipalidadVicuna_0.webp","jetpack_sharing_enabled":true,"_links":{"self":[{"href":"https:\/\/laserenaradio.cl\/web\/wp-json\/wp\/v2\/posts\/23671","targetHints":{"allow":["GET"]}}],"collection":[{"href":"https:\/\/laserenaradio.cl\/web\/wp-json\/wp\/v2\/posts"}],"about":[{"href":"https:\/\/laserenaradio.cl\/web\/wp-json\/wp\/v2\/types\/post"}],"author":[{"embeddable":true,"href":"https:\/\/laserenaradio.cl\/web\/wp-json\/wp\/v2\/users\/2"}],"replies":[{"embeddable":true,"href":"https:\/\/laserenaradio.cl\/web\/wp-json\/wp\/v2\/comments?post=23671"}],"version-history":[{"count":1,"href":"https:\/\/laserenaradio.cl\/web\/wp-json\/wp\/v2\/posts\/23671\/revisions"}],"predecessor-version":[{"id":23672,"href":"https:\/\/laserenaradio.cl\/web\/wp-json\/wp\/v2\/posts\/23671\/revisions\/23672"}],"wp:featuredmedia":[{"embeddable":true,"href":"https:\/\/laserenaradio.cl\/web\/wp-json\/wp\/v2\/media\/23670"}],"wp:attachment":[{"href":"https:\/\/laserenaradio.cl\/web\/wp-json\/wp\/v2\/media?parent=23671"}],"wp:term":[{"taxonomy":"category","embeddable":true,"href":"https:\/\/laserenaradio.cl\/web\/wp-json\/wp\/v2\/categories?post=23671"},{"taxonomy":"post_tag","embeddable":true,"href":"https:\/\/laserenaradio.cl\/web\/wp-json\/wp\/v2\/tags?post=23671"}],"curies":[{"name":"wp","href":"https:\/\/api.w.org\/{rel}","templated":true}]}}