{"id":23668,"date":"2026-02-12T18:14:05","date_gmt":"2026-02-12T21:14:05","guid":{"rendered":"https:\/\/laserenaradio.cl\/web\/?p=23668"},"modified":"2026-02-12T18:14:05","modified_gmt":"2026-02-12T21:14:05","slug":"alerta-roja-por-incendio-forestal-en-limache","status":"publish","type":"post","link":"https:\/\/laserenaradio.cl\/web\/2026\/02\/12\/alerta-roja-por-incendio-forestal-en-limache\/","title":{"rendered":"Alerta Roja por incendio forestal en Limache."},"content":{"rendered":"<p>El Servicio Nacional de Prevenci\u00f3n y Respuesta ante Desastres (<a href=\"http:\/\/www.senapred.cl\">Senapred<\/a>) emiti\u00f3 Alerta Roja para la comuna de Limache en Valpara\u00edso debido a un incendio forestal. Christian Cardemil, director regional de <a href=\"http:\/\/www.senapred.cl\">Senapred<\/a>, indic\u00f3 que tras evaluar el comportamiento del fuego y su riesgo potencial para personas y viviendas, se implementaron medidas de evacuaci\u00f3n en el sector Hacienda Limache. Se activ\u00f3 el sistema SAE para informar a la poblaci\u00f3n sobre esta acci\u00f3n, cuyo objetivo es proteger las vidas humanas.<\/p>\n<p>Seg\u00fan un informe de Conaf a las 17:30 horas, el incendio ha afectado provisionalmente 0,5 hect\u00e1reas.<\/p>\n","protected":false},"excerpt":{"rendered":"<p>El Servicio Nacional de Prevenci\u00f3n y Respuesta ante Desastres (Senapred) emiti\u00f3 Alerta Roja para la comuna de Limache en Valpara\u00edso debido a un incendio forestal. Christian Cardemil, director regional de Senapred, indic\u00f3 que tras evaluar el comportamiento del fuego y su riesgo potencial para personas y viviendas, se implementaron medidas de evacuaci\u00f3n en el sector [&hellip;]<\/p>\n","protected":false},"author":2,"featured_media":23667,"comment_status":"closed","ping_status":"open","sticky":false,"template":"","format":"standard","meta":{"_jetpack_memberships_contains_paid_content":false,"jnews-multi-image_gallery":[],"jnews_single_post":[],"jnews_primary_category":[],"jnews_social_meta":[],"jnews_paywall_metabox":[],"jnews_review":[],"enable_review":"","type":"","name":"","summary":"","brand":"","sku":"","good":[],"bad":[],"score_override":"","override_value":"","rating":[],"price":[],"jnews_override_counter":[],"jnews_post_split":[],"footnotes":""},"categories":[21],"tags":[],"class_list":["post-23668","post","type-post","status-publish","format-standard","has-post-thumbnail","hentry","category-nacional"],"jetpack_featured_media_url":"https:\/\/laserenaradio.cl\/web\/wp-content\/uploads\/2026\/02\/mediapiaiextstaticimg_webpincendioAlertaRojasenapredSenapred_0.webp","jetpack_sharing_enabled":true,"_links":{"self":[{"href":"https:\/\/laserenaradio.cl\/web\/wp-json\/wp\/v2\/posts\/23668","targetHints":{"allow":["GET"]}}],"collection":[{"href":"https:\/\/laserenaradio.cl\/web\/wp-json\/wp\/v2\/posts"}],"about":[{"href":"https:\/\/laserenaradio.cl\/web\/wp-json\/wp\/v2\/types\/post"}],"author":[{"embeddable":true,"href":"https:\/\/laserenaradio.cl\/web\/wp-json\/wp\/v2\/users\/2"}],"replies":[{"embeddable":true,"href":"https:\/\/laserenaradio.cl\/web\/wp-json\/wp\/v2\/comments?post=23668"}],"version-history":[{"count":1,"href":"https:\/\/laserenaradio.cl\/web\/wp-json\/wp\/v2\/posts\/23668\/revisions"}],"predecessor-version":[{"id":23669,"href":"https:\/\/laserenaradio.cl\/web\/wp-json\/wp\/v2\/posts\/23668\/revisions\/23669"}],"wp:featuredmedia":[{"embeddable":true,"href":"https:\/\/laserenaradio.cl\/web\/wp-json\/wp\/v2\/media\/23667"}],"wp:attachment":[{"href":"https:\/\/laserenaradio.cl\/web\/wp-json\/wp\/v2\/media?parent=23668"}],"wp:term":[{"taxonomy":"category","embeddable":true,"href":"https:\/\/laserenaradio.cl\/web\/wp-json\/wp\/v2\/categories?post=23668"},{"taxonomy":"post_tag","embeddable":true,"href":"https:\/\/laserenaradio.cl\/web\/wp-json\/wp\/v2\/tags?post=23668"}],"curies":[{"name":"wp","href":"https:\/\/api.w.org\/{rel}","templated":true}]}}