{"id":23639,"date":"2026-02-11T22:57:14","date_gmt":"2026-02-12T01:57:14","guid":{"rendered":"https:\/\/laserenaradio.cl\/web\/?p=23639"},"modified":"2026-02-11T22:57:14","modified_gmt":"2026-02-12T01:57:14","slug":"remueven-a-funcionarios-de-gendarmeria-por-libertad-erronea","status":"publish","type":"post","link":"https:\/\/laserenaradio.cl\/web\/2026\/02\/11\/remueven-a-funcionarios-de-gendarmeria-por-libertad-erronea\/","title":{"rendered":"Remueven a funcionarios de Gendarmer\u00eda por libertad err\u00f3nea"},"content":{"rendered":"<p>Rub\u00e9n P\u00e9rez Riquelme, director nacional de <a href=\"http:\/\/www.gendarmeria.gob.cl\/\">Gendarmer\u00eda<\/a>, removi\u00f3 a dos funcionarios por la libertad err\u00f3nea de un imputado en las salas de audiencia del Centro de Justicia de Santiago. El sujeto hab\u00eda suplantado la identidad para eludir una orden de detenci\u00f3n vigente.<\/p>\n<p>P\u00e9rez sostuvo que ante esta grave situaci\u00f3n, reveladora de una negligencia inexcusable por parte de los funcionarios penitenciarios, dispuso la inmediata remoci\u00f3n del jefe del Subdepartamento de Servicios Especializados y tambi\u00e9n de la oficial encargada del sector bajo cuyas \u00f3rdenes se desempe\u00f1aba dicho personal.<\/p>\n<p>Adem\u00e1s, ambos gendarmes que estaban directamente en la sala de audiencias y cometieron la falta han sido suspendidos de sus funciones, detall\u00f3 el Director Nacional. P\u00e9rez a\u00f1adi\u00f3 que desde la instituci\u00f3n informar\u00e1n oportunamente otras medidas al respecto.<\/p>\n<p>El error ocurri\u00f3 durante una audiencia de formalizaci\u00f3n en el 13\u00b0 Juzgado de Garant\u00eda de Santiago, este mi\u00e9rcoles 11 de febrero. Gonz\u00e1lez Y\u00e1\u00f1ez, quien manten\u00eda una orden de detenci\u00f3n vigente por el 14\u00b0 Juzgado de Garant\u00eda, qued\u00f3 en libertad luego de que Serey Cofr\u00e9 suplantara su identidad.<\/p>\n<p>La situaci\u00f3n pas\u00f3 inadvertida para la <a href=\"https:\/\/www.fiscaliadechile.cl\/\">Fiscal\u00eda<\/a>, la Defensor\u00eda, <a href=\"http:\/\/www.gendarmeria.gob.cl\/\">Gendarmer\u00eda<\/a> y el propio tribunal. Solo cuando se reanud\u00f3 la audiencia, <a href=\"http:\/\/www.gendarmeria.gob.cl\/\">Gendarmer\u00eda<\/a> advirti\u00f3 la irregularidad y se dict\u00f3 una orden de captura contra Gonz\u00e1lez Y\u00e1\u00f1ez.<\/p>\n<p>De acuerdo con <a href=\"http:\/\/www.gendarmeria.gob.cl\/\">Gendarmer\u00eda<\/a>, los tres individuos hab\u00edan sido derivados desde el 4\u00b0 Juzgado de Garant\u00eda de Santiago. Nelson Vaamonde qued\u00f3 con ampliaci\u00f3n de detenci\u00f3n por petici\u00f3n del Ministerio P\u00fablico, mientras que Ariel Serey deb\u00eda quedar en libertad.<\/p>\n<p>A Luis Gonz\u00e1lez Y\u00e1\u00f1ez se le acusaba por los delitos de receptaci\u00f3n y falsificaci\u00f3n de licencias de conducir, il\u00edcitos por los que arriesga una pena de hasta tres a\u00f1os y un d\u00eda de c\u00e1rcel. Fuentes de la investigaci\u00f3n indicaron que el sujeto contaba con un alto historial delictual.<\/p>\n<p>Sin embargo, Ariel Serey usurp\u00f3 la identidad de su compa\u00f1ero, lo que permiti\u00f3 que Gonz\u00e1lez Y\u00e1\u00f1ez quedara en libertad y se retirara del Centro de Justicia. Mientras que Serey fue aprehendido en flagrancia y ser\u00e1 derivado al 7\u00b0 Juzgado de Garant\u00eda de Santiago para su control de detenci\u00f3n y formalizaci\u00f3n.<\/p>\n<p>La liberaci\u00f3n por error de Gonz\u00e1lez Y\u00e1\u00f1ez activ\u00f3 una orden de captura en su contra. Asimismo, <a href=\"http:\/\/www.gendarmeria.gob.cl\/\">Gendarmer\u00eda<\/a> interpuso una denuncia al Ministerio P\u00fablico y notific\u00f3 al personal policial para iniciar las diligencias respectivas.<\/p>\n<p>En paralelo, <a href=\"http:\/\/www.gendarmeria.gob.cl\/\">Gendarmer\u00eda<\/a> desarrolla indagatorias para determinar responsabilidades internas.<\/p>\n","protected":false},"excerpt":{"rendered":"<p>Rub\u00e9n P\u00e9rez Riquelme, director nacional de Gendarmer\u00eda, removi\u00f3 a dos funcionarios por la libertad err\u00f3nea de un imputado en las salas de audiencia del Centro de Justicia de Santiago. El sujeto hab\u00eda suplantado la identidad para eludir una orden de detenci\u00f3n vigente. P\u00e9rez sostuvo que ante esta grave situaci\u00f3n, reveladora de una negligencia inexcusable por [&hellip;]<\/p>\n","protected":false},"author":2,"featured_media":23638,"comment_status":"closed","ping_status":"open","sticky":false,"template":"","format":"standard","meta":{"_jetpack_memberships_contains_paid_content":false,"jnews-multi-image_gallery":[],"jnews_single_post":[],"jnews_primary_category":[],"jnews_social_meta":[],"jnews_paywall_metabox":[],"jnews_review":[],"enable_review":"","type":"","name":"","summary":"","brand":"","sku":"","good":[],"bad":[],"score_override":"","override_value":"","rating":[],"price":[],"jnews_override_counter":[],"jnews_post_split":[],"footnotes":""},"categories":[21],"tags":[],"class_list":["post-23639","post","type-post","status-publish","format-standard","has-post-thumbnail","hentry","category-nacional"],"jetpack_featured_media_url":"https:\/\/laserenaradio.cl\/web\/wp-content\/uploads\/2026\/02\/mediapiaiextstaticimg_webpgendarmeriagobinternodesde_0.webp","jetpack_sharing_enabled":true,"_links":{"self":[{"href":"https:\/\/laserenaradio.cl\/web\/wp-json\/wp\/v2\/posts\/23639","targetHints":{"allow":["GET"]}}],"collection":[{"href":"https:\/\/laserenaradio.cl\/web\/wp-json\/wp\/v2\/posts"}],"about":[{"href":"https:\/\/laserenaradio.cl\/web\/wp-json\/wp\/v2\/types\/post"}],"author":[{"embeddable":true,"href":"https:\/\/laserenaradio.cl\/web\/wp-json\/wp\/v2\/users\/2"}],"replies":[{"embeddable":true,"href":"https:\/\/laserenaradio.cl\/web\/wp-json\/wp\/v2\/comments?post=23639"}],"version-history":[{"count":1,"href":"https:\/\/laserenaradio.cl\/web\/wp-json\/wp\/v2\/posts\/23639\/revisions"}],"predecessor-version":[{"id":23640,"href":"https:\/\/laserenaradio.cl\/web\/wp-json\/wp\/v2\/posts\/23639\/revisions\/23640"}],"wp:featuredmedia":[{"embeddable":true,"href":"https:\/\/laserenaradio.cl\/web\/wp-json\/wp\/v2\/media\/23638"}],"wp:attachment":[{"href":"https:\/\/laserenaradio.cl\/web\/wp-json\/wp\/v2\/media?parent=23639"}],"wp:term":[{"taxonomy":"category","embeddable":true,"href":"https:\/\/laserenaradio.cl\/web\/wp-json\/wp\/v2\/categories?post=23639"},{"taxonomy":"post_tag","embeddable":true,"href":"https:\/\/laserenaradio.cl\/web\/wp-json\/wp\/v2\/tags?post=23639"}],"curies":[{"name":"wp","href":"https:\/\/api.w.org\/{rel}","templated":true}]}}