{"id":23633,"date":"2026-02-11T17:14:51","date_gmt":"2026-02-11T20:14:51","guid":{"rendered":"https:\/\/laserenaradio.cl\/web\/?p=23633"},"modified":"2026-02-11T17:14:51","modified_gmt":"2026-02-11T20:14:51","slug":"nina-chilena-de-15-anos-electrocutada-en-rio-de-janeiro","status":"publish","type":"post","link":"https:\/\/laserenaradio.cl\/web\/2026\/02\/11\/nina-chilena-de-15-anos-electrocutada-en-rio-de-janeiro\/","title":{"rendered":"Ni\u00f1a chilena de 15 a\u00f1os electrocutada en R\u00edo de Janeiro"},"content":{"rendered":"<p>Una chilena de 15 a\u00f1os result\u00f3 electrocutada en R\u00edo de Janeiro durante una tormenta. El incidente ocurri\u00f3 en Copacabana, un popular barrio tur\u00edstico, el pasado lunes. La muchacha toc\u00f3 un poste del alumbrado p\u00fablico, recibiendo la descarga el\u00e9ctrica. Tras quedarse inconsciente, fue socorrida por varios transe\u00fantes, incluyendo una persona que tambi\u00e9n result\u00f3 electrocutada al tocarla.<\/p>\n<p>Un instructor deportivo practic\u00f3 RCP (Reanimaci\u00f3n Cardiopulmonar) a la joven durante unos 10 minutos. Al arribar los bomberos, ella ya estaba consciente pero muy tensa. La concesionaria de luz en Copacabana indic\u00f3 que sus instalaciones el\u00e9ctricas no presentaban problemas y sospech\u00f3 que el golpe vino desde otra zona.<\/p>\n<p>Tras ser hospitalizada, la joven se recupera actualmente. El reporte del medio O\u2019Globo destaca c\u00f3mo un transe\u00fante ayud\u00f3 a la ni\u00f1a al jalarla del cabello de su madre para sacarla del lugar peligroso. Este hombre tambi\u00e9n practic\u00f3 RCP antes que llegaran los servicios m\u00e9dicos, lo cual fue crucial para su recuperaci\u00f3n.<\/p>\n<p>La historia muestra el valor de las primeras medidas en situaciones de emergencia el\u00e9ctrica y c\u00f3mo la reanimaci\u00f3n cardiopulmonar puede ser vital en estos casos.<\/p>\n","protected":false},"excerpt":{"rendered":"<p>Una chilena de 15 a\u00f1os result\u00f3 electrocutada en R\u00edo de Janeiro durante una tormenta. El incidente ocurri\u00f3 en Copacabana, un popular barrio tur\u00edstico, el pasado lunes. La muchacha toc\u00f3 un poste del alumbrado p\u00fablico, recibiendo la descarga el\u00e9ctrica. Tras quedarse inconsciente, fue socorrida por varios transe\u00fantes, incluyendo una persona que tambi\u00e9n result\u00f3 electrocutada al tocarla. [&hellip;]<\/p>\n","protected":false},"author":2,"featured_media":23632,"comment_status":"closed","ping_status":"open","sticky":false,"template":"","format":"standard","meta":{"_jetpack_memberships_contains_paid_content":false,"jnews-multi-image_gallery":[],"jnews_single_post":[],"jnews_primary_category":[],"jnews_social_meta":[],"jnews_paywall_metabox":[],"jnews_review":[],"enable_review":"","type":"","name":"","summary":"","brand":"","sku":"","good":[],"bad":[],"score_override":"","override_value":"","rating":[],"price":[],"jnews_override_counter":[],"jnews_post_split":[],"footnotes":""},"categories":[21],"tags":[],"class_list":["post-23633","post","type-post","status-publish","format-standard","has-post-thumbnail","hentry","category-nacional"],"jetpack_featured_media_url":"https:\/\/laserenaradio.cl\/web\/wp-content\/uploads\/2026\/02\/mediapiaiextstaticimg_webpelectrocutadaJaneiroduranteCopacabana_0.webp","jetpack_sharing_enabled":true,"_links":{"self":[{"href":"https:\/\/laserenaradio.cl\/web\/wp-json\/wp\/v2\/posts\/23633","targetHints":{"allow":["GET"]}}],"collection":[{"href":"https:\/\/laserenaradio.cl\/web\/wp-json\/wp\/v2\/posts"}],"about":[{"href":"https:\/\/laserenaradio.cl\/web\/wp-json\/wp\/v2\/types\/post"}],"author":[{"embeddable":true,"href":"https:\/\/laserenaradio.cl\/web\/wp-json\/wp\/v2\/users\/2"}],"replies":[{"embeddable":true,"href":"https:\/\/laserenaradio.cl\/web\/wp-json\/wp\/v2\/comments?post=23633"}],"version-history":[{"count":1,"href":"https:\/\/laserenaradio.cl\/web\/wp-json\/wp\/v2\/posts\/23633\/revisions"}],"predecessor-version":[{"id":23634,"href":"https:\/\/laserenaradio.cl\/web\/wp-json\/wp\/v2\/posts\/23633\/revisions\/23634"}],"wp:featuredmedia":[{"embeddable":true,"href":"https:\/\/laserenaradio.cl\/web\/wp-json\/wp\/v2\/media\/23632"}],"wp:attachment":[{"href":"https:\/\/laserenaradio.cl\/web\/wp-json\/wp\/v2\/media?parent=23633"}],"wp:term":[{"taxonomy":"category","embeddable":true,"href":"https:\/\/laserenaradio.cl\/web\/wp-json\/wp\/v2\/categories?post=23633"},{"taxonomy":"post_tag","embeddable":true,"href":"https:\/\/laserenaradio.cl\/web\/wp-json\/wp\/v2\/tags?post=23633"}],"curies":[{"name":"wp","href":"https:\/\/api.w.org\/{rel}","templated":true}]}}